{"id":6644,"date":"2018-07-05T21:55:41","date_gmt":"2018-07-05T19:55:41","guid":{"rendered":"http:\/\/www.swiss-retail.ch\/?p=6644"},"modified":"2018-08-14T14:03:08","modified_gmt":"2018-08-14T12:03:08","slug":"zusammenarbeit-mit-veledes-marcel-mautz-ist-neuer-leiter-fachbereich-ausbildung-bildung","status":"publish","type":"post","link":"https:\/\/www.swiss-retail.ch\/fr\/news-fr\/zusammenarbeit-mit-veledes-marcel-mautz-ist-neuer-leiter-fachbereich-ausbildung-bildung\/","title":{"rendered":"Collaboration avec VELEDES \u2013 Marcel Mautz, nouveau chef du secteur Formation"},"content":{"rendered":"<div class=\"flex_column av_one_full  flex_column_div av-zero-column-padding first  avia-builder-el-0  avia-builder-el-no-sibling  \" style='border-radius:0px; '><p><div  style='height:50px' class='hr hr-invisible   avia-builder-el-1  el_before_av_textblock  avia-builder-el-first '><span class='hr-inner ' ><span class='hr-inner-style'><\/span><\/span><\/div><br \/>\n<section class=\"av_textblock_section \"  itemscope=\"itemscope\" itemtype=\"https:\/\/schema.org\/BlogPosting\" itemprop=\"blogPost\" ><div class='avia_textblock  '   itemprop=\"text\" ><h2 style=\"text-align: center;\"><strong>Collaboration avec VELEDES \u2013 Marcel Mautz, nouveau chef du secteur Formation<\/strong><\/h2>\n<\/div><\/section><br \/>\n<div   class='hr hr-short hr-center   avia-builder-el-3  el_after_av_textblock  el_before_av_textblock '><span class='hr-inner ' ><span class='hr-inner-style'><\/span><\/span><\/div><br \/>\n<section class=\"av_textblock_section \"  itemscope=\"itemscope\" itemtype=\"https:\/\/schema.org\/BlogPosting\" itemprop=\"blogPost\" ><div class='avia_textblock  '   itemprop=\"text\" ><p>Swiss Retail renforce sa collaboration avec VELEDES, l&rsquo;Association des d\u00e9taillants en alimentation ind\u00e9pendants. A l&rsquo;avenir, Swiss Retail inclura la d\u00e9fense des int\u00e9r\u00eats des membres de VELEDES dans ses d\u00e9marches au niveau politique. Swiss Retail renforce sa collaboration avec VELEDES, l&rsquo;Association des d\u00e9taillants en alimentation ind\u00e9pendants. A l&rsquo;avenir, Swiss Retail inclura la d\u00e9fense des int\u00e9r\u00eats des membres de VELEDES dans ses d\u00e9marches au niveau politique. En contrepartie, VELEDES se charge d\u00e9sormais pour Swiss Retail du secteur \u00abFormation initiale et continue\u00a0\u00bb, qui sera dirig\u00e9 par M. Marcel Mautz.<\/p>\n<p>Depuis juin 2016, Marcel Mautz est pr\u00e9sident ex\u00e9cutif de VELEDES, organisme responsable de la plus grande branche de formation et d&rsquo;examen dans le commerce de d\u00e9tail. A la t\u00eate du d\u00e9partement formation de VELEDES de 2003 \u00e0 2016, Marcel Mautz, o\u00f9 il \u00e9tait responsable de l\u2019apprentissage et de la proc\u00e9dure de qualification. Il a acquis son exp\u00e9rience professionnelle dans diff\u00e9rents secteurs du commerce de d\u00e9tail ainsi qu&rsquo;\u00e0 l&rsquo;\u00e9cole professionnelle en tant que chef de secteur. En plus d&rsquo;un examen professionnel sup\u00e9rieur dans la branche, il a obtenu divers certificats dans les domaines de l&rsquo;\u00e9ducation et de la formation.<\/p>\n<\/div><\/section><\/p><\/div>\n","protected":false},"excerpt":{"rendered":"","protected":false},"author":7,"featured_media":6697,"comment_status":"closed","ping_status":"closed","sticky":false,"template":"","format":"standard","meta":[],"categories":[64],"tags":[],"yoast_head":"<!-- This site is optimized with the Yoast SEO plugin v18.5.1 - https:\/\/yoast.com\/wordpress\/plugins\/seo\/ -->\n<title>Collaboration avec VELEDES \u2013 Marcel Mautz, nouveau chef du secteur Formation -<\/title>\n<meta name=\"robots\" content=\"index, follow, max-snippet:-1, max-image-preview:large, max-video-preview:-1\" \/>\n<link rel=\"canonical\" href=\"https:\/\/www.swiss-retail.ch\/fr\/news-fr\/zusammenarbeit-mit-veledes-marcel-mautz-ist-neuer-leiter-fachbereich-ausbildung-bildung\/\" \/>\n<meta property=\"og:locale\" content=\"fr_FR\" \/>\n<meta property=\"og:type\" content=\"article\" \/>\n<meta property=\"og:title\" content=\"Collaboration avec VELEDES \u2013 Marcel Mautz, nouveau chef du secteur Formation -\" \/>\n<meta property=\"og:url\" content=\"https:\/\/www.swiss-retail.ch\/fr\/news-fr\/zusammenarbeit-mit-veledes-marcel-mautz-ist-neuer-leiter-fachbereich-ausbildung-bildung\/\" \/>\n<meta property=\"article:published_time\" content=\"2018-07-05T19:55:41+00:00\" \/>\n<meta property=\"article:modified_time\" content=\"2018-08-14T12:03:08+00:00\" \/>\n<meta property=\"og:image\" content=\"https:\/\/www.swiss-retail.ch\/wp-content\/uploads\/2018\/07\/MMautz_News.jpg\" \/>\n\t<meta property=\"og:image:width\" content=\"660\" \/>\n\t<meta property=\"og:image:height\" content=\"526\" \/>\n\t<meta property=\"og:image:type\" content=\"image\/jpeg\" \/>\n<meta name=\"twitter:card\" content=\"summary_large_image\" \/>\n<meta name=\"twitter:label1\" content=\"\u00c9crit par\" \/>\n\t<meta name=\"twitter:data1\" content=\"Claudio Looser\" \/>\n\t<meta name=\"twitter:label2\" content=\"Dur\u00e9e de lecture estim\u00e9e\" \/>\n\t<meta name=\"twitter:data2\" content=\"2 minutes\" \/>\n<script type=\"application\/ld+json\" class=\"yoast-schema-graph\">{\"@context\":\"https:\/\/schema.org\",\"@graph\":[{\"@type\":\"WebSite\",\"@id\":\"https:\/\/www.swiss-retail.ch\/#website\",\"url\":\"https:\/\/www.swiss-retail.ch\/\",\"name\":\"\",\"description\":\"Verband der Mittel- und Grossbetriebe des schweizerischen Detailhandels\",\"potentialAction\":[{\"@type\":\"SearchAction\",\"target\":{\"@type\":\"EntryPoint\",\"urlTemplate\":\"https:\/\/www.swiss-retail.ch\/?s={search_term_string}\"},\"query-input\":\"required name=search_term_string\"}],\"inLanguage\":\"fr-FR\"},{\"@type\":\"ImageObject\",\"@id\":\"https:\/\/www.swiss-retail.ch\/fr\/news-fr\/zusammenarbeit-mit-veledes-marcel-mautz-ist-neuer-leiter-fachbereich-ausbildung-bildung\/#primaryimage\",\"inLanguage\":\"fr-FR\",\"url\":\"https:\/\/www.swiss-retail.ch\/wp-content\/uploads\/2018\/07\/MMautz_News.jpg\",\"contentUrl\":\"https:\/\/www.swiss-retail.ch\/wp-content\/uploads\/2018\/07\/MMautz_News.jpg\",\"width\":660,\"height\":526},{\"@type\":\"WebPage\",\"@id\":\"https:\/\/www.swiss-retail.ch\/fr\/news-fr\/zusammenarbeit-mit-veledes-marcel-mautz-ist-neuer-leiter-fachbereich-ausbildung-bildung\/#webpage\",\"url\":\"https:\/\/www.swiss-retail.ch\/fr\/news-fr\/zusammenarbeit-mit-veledes-marcel-mautz-ist-neuer-leiter-fachbereich-ausbildung-bildung\/\",\"name\":\"Collaboration avec VELEDES \u2013 Marcel Mautz, nouveau chef du secteur Formation -\",\"isPartOf\":{\"@id\":\"https:\/\/www.swiss-retail.ch\/#website\"},\"primaryImageOfPage\":{\"@id\":\"https:\/\/www.swiss-retail.ch\/fr\/news-fr\/zusammenarbeit-mit-veledes-marcel-mautz-ist-neuer-leiter-fachbereich-ausbildung-bildung\/#primaryimage\"},\"datePublished\":\"2018-07-05T19:55:41+00:00\",\"dateModified\":\"2018-08-14T12:03:08+00:00\",\"author\":{\"@id\":\"https:\/\/www.swiss-retail.ch\/#\/schema\/person\/2d56f4201fb0be31cc400171a2615b34\"},\"breadcrumb\":{\"@id\":\"https:\/\/www.swiss-retail.ch\/fr\/news-fr\/zusammenarbeit-mit-veledes-marcel-mautz-ist-neuer-leiter-fachbereich-ausbildung-bildung\/#breadcrumb\"},\"inLanguage\":\"fr-FR\",\"potentialAction\":[{\"@type\":\"ReadAction\",\"target\":[\"https:\/\/www.swiss-retail.ch\/fr\/news-fr\/zusammenarbeit-mit-veledes-marcel-mautz-ist-neuer-leiter-fachbereich-ausbildung-bildung\/\"]}]},{\"@type\":\"BreadcrumbList\",\"@id\":\"https:\/\/www.swiss-retail.ch\/fr\/news-fr\/zusammenarbeit-mit-veledes-marcel-mautz-ist-neuer-leiter-fachbereich-ausbildung-bildung\/#breadcrumb\",\"itemListElement\":[{\"@type\":\"ListItem\",\"position\":1,\"name\":\"Startseite\",\"item\":\"https:\/\/www.swiss-retail.ch\/fr\/homepage\/\"},{\"@type\":\"ListItem\",\"position\":2,\"name\":\"Collaboration avec VELEDES \u2013 Marcel Mautz, nouveau chef du secteur Formation\"}]},{\"@type\":\"Person\",\"@id\":\"https:\/\/www.swiss-retail.ch\/#\/schema\/person\/2d56f4201fb0be31cc400171a2615b34\",\"name\":\"Claudio Looser\",\"url\":\"https:\/\/www.swiss-retail.ch\/fr\/author\/claudiolooser\/\"}]}<\/script>\n<!-- \/ Yoast SEO plugin. -->","yoast_head_json":{"title":"Collaboration avec VELEDES \u2013 Marcel Mautz, nouveau chef du secteur Formation -","robots":{"index":"index","follow":"follow","max-snippet":"max-snippet:-1","max-image-preview":"max-image-preview:large","max-video-preview":"max-video-preview:-1"},"canonical":"https:\/\/www.swiss-retail.ch\/fr\/news-fr\/zusammenarbeit-mit-veledes-marcel-mautz-ist-neuer-leiter-fachbereich-ausbildung-bildung\/","og_locale":"fr_FR","og_type":"article","og_title":"Collaboration avec VELEDES \u2013 Marcel Mautz, nouveau chef du secteur Formation -","og_url":"https:\/\/www.swiss-retail.ch\/fr\/news-fr\/zusammenarbeit-mit-veledes-marcel-mautz-ist-neuer-leiter-fachbereich-ausbildung-bildung\/","article_published_time":"2018-07-05T19:55:41+00:00","article_modified_time":"2018-08-14T12:03:08+00:00","og_image":[{"width":660,"height":526,"url":"https:\/\/www.swiss-retail.ch\/wp-content\/uploads\/2018\/07\/MMautz_News.jpg","type":"image\/jpeg"}],"twitter_card":"summary_large_image","twitter_misc":{"\u00c9crit par":"Claudio Looser","Dur\u00e9e de lecture estim\u00e9e":"2 minutes"},"schema":{"@context":"https:\/\/schema.org","@graph":[{"@type":"WebSite","@id":"https:\/\/www.swiss-retail.ch\/#website","url":"https:\/\/www.swiss-retail.ch\/","name":"","description":"Verband der Mittel- und Grossbetriebe des schweizerischen Detailhandels","potentialAction":[{"@type":"SearchAction","target":{"@type":"EntryPoint","urlTemplate":"https:\/\/www.swiss-retail.ch\/?s={search_term_string}"},"query-input":"required name=search_term_string"}],"inLanguage":"fr-FR"},{"@type":"ImageObject","@id":"https:\/\/www.swiss-retail.ch\/fr\/news-fr\/zusammenarbeit-mit-veledes-marcel-mautz-ist-neuer-leiter-fachbereich-ausbildung-bildung\/#primaryimage","inLanguage":"fr-FR","url":"https:\/\/www.swiss-retail.ch\/wp-content\/uploads\/2018\/07\/MMautz_News.jpg","contentUrl":"https:\/\/www.swiss-retail.ch\/wp-content\/uploads\/2018\/07\/MMautz_News.jpg","width":660,"height":526},{"@type":"WebPage","@id":"https:\/\/www.swiss-retail.ch\/fr\/news-fr\/zusammenarbeit-mit-veledes-marcel-mautz-ist-neuer-leiter-fachbereich-ausbildung-bildung\/#webpage","url":"https:\/\/www.swiss-retail.ch\/fr\/news-fr\/zusammenarbeit-mit-veledes-marcel-mautz-ist-neuer-leiter-fachbereich-ausbildung-bildung\/","name":"Collaboration avec VELEDES \u2013 Marcel Mautz, nouveau chef du secteur Formation -","isPartOf":{"@id":"https:\/\/www.swiss-retail.ch\/#website"},"primaryImageOfPage":{"@id":"https:\/\/www.swiss-retail.ch\/fr\/news-fr\/zusammenarbeit-mit-veledes-marcel-mautz-ist-neuer-leiter-fachbereich-ausbildung-bildung\/#primaryimage"},"datePublished":"2018-07-05T19:55:41+00:00","dateModified":"2018-08-14T12:03:08+00:00","author":{"@id":"https:\/\/www.swiss-retail.ch\/#\/schema\/person\/2d56f4201fb0be31cc400171a2615b34"},"breadcrumb":{"@id":"https:\/\/www.swiss-retail.ch\/fr\/news-fr\/zusammenarbeit-mit-veledes-marcel-mautz-ist-neuer-leiter-fachbereich-ausbildung-bildung\/#breadcrumb"},"inLanguage":"fr-FR","potentialAction":[{"@type":"ReadAction","target":["https:\/\/www.swiss-retail.ch\/fr\/news-fr\/zusammenarbeit-mit-veledes-marcel-mautz-ist-neuer-leiter-fachbereich-ausbildung-bildung\/"]}]},{"@type":"BreadcrumbList","@id":"https:\/\/www.swiss-retail.ch\/fr\/news-fr\/zusammenarbeit-mit-veledes-marcel-mautz-ist-neuer-leiter-fachbereich-ausbildung-bildung\/#breadcrumb","itemListElement":[{"@type":"ListItem","position":1,"name":"Startseite","item":"https:\/\/www.swiss-retail.ch\/fr\/homepage\/"},{"@type":"ListItem","position":2,"name":"Collaboration avec VELEDES \u2013 Marcel Mautz, nouveau chef du secteur Formation"}]},{"@type":"Person","@id":"https:\/\/www.swiss-retail.ch\/#\/schema\/person\/2d56f4201fb0be31cc400171a2615b34","name":"Claudio Looser","url":"https:\/\/www.swiss-retail.ch\/fr\/author\/claudiolooser\/"}]}},"_links":{"self":[{"href":"https:\/\/www.swiss-retail.ch\/fr\/wp-json\/wp\/v2\/posts\/6644"}],"collection":[{"href":"https:\/\/www.swiss-retail.ch\/fr\/wp-json\/wp\/v2\/posts"}],"about":[{"href":"https:\/\/www.swiss-retail.ch\/fr\/wp-json\/wp\/v2\/types\/post"}],"author":[{"embeddable":true,"href":"https:\/\/www.swiss-retail.ch\/fr\/wp-json\/wp\/v2\/users\/7"}],"replies":[{"embeddable":true,"href":"https:\/\/www.swiss-retail.ch\/fr\/wp-json\/wp\/v2\/comments?post=6644"}],"version-history":[{"count":4,"href":"https:\/\/www.swiss-retail.ch\/fr\/wp-json\/wp\/v2\/posts\/6644\/revisions"}],"predecessor-version":[{"id":6698,"href":"https:\/\/www.swiss-retail.ch\/fr\/wp-json\/wp\/v2\/posts\/6644\/revisions\/6698"}],"wp:featuredmedia":[{"embeddable":true,"href":"https:\/\/www.swiss-retail.ch\/fr\/wp-json\/wp\/v2\/media\/6697"}],"wp:attachment":[{"href":"https:\/\/www.swiss-retail.ch\/fr\/wp-json\/wp\/v2\/media?parent=6644"}],"wp:term":[{"taxonomy":"category","embeddable":true,"href":"https:\/\/www.swiss-retail.ch\/fr\/wp-json\/wp\/v2\/categories?post=6644"},{"taxonomy":"post_tag","embeddable":true,"href":"https:\/\/www.swiss-retail.ch\/fr\/wp-json\/wp\/v2\/tags?post=6644"}],"curies":[{"name":"wp","href":"https:\/\/api.w.org\/{rel}","templated":true}]}}