{"id":6650,"date":"2018-07-04T22:07:36","date_gmt":"2018-07-04T20:07:36","guid":{"rendered":"http:\/\/www.swiss-retail.ch\/?p=6650"},"modified":"2018-07-06T14:16:08","modified_gmt":"2018-07-06T12:16:08","slug":"interview-mit-neuem-swiss-retail-mitglied-dufry-group","status":"publish","type":"post","link":"https:\/\/www.swiss-retail.ch\/fr\/news-fr\/interview-mit-neuem-swiss-retail-mitglied-dufry-group\/","title":{"rendered":"Deux soci\u00e9t\u00e9s du groupe Dufry font d\u00e9sormais partie de Swiss Retail"},"content":{"rendered":"<div class=\"flex_column av_one_full  flex_column_div av-zero-column-padding first  avia-builder-el-0  avia-builder-el-no-sibling  \" style='border-radius:0px; '><section class=\"av_textblock_section \"  itemscope=\"itemscope\" itemtype=\"https:\/\/schema.org\/BlogPosting\" itemprop=\"blogPost\" ><div class='avia_textblock  '   itemprop=\"text\" ><h2 style=\"text-align: center;\"><strong>Deux soci\u00e9t\u00e9s du groupe Dufry font d\u00e9sormais partie de Swiss Retail<\/strong><\/h2>\n<\/div><\/section><br \/>\n<div  style='height:50px' class='hr hr-invisible   avia-builder-el-2  el_after_av_textblock  el_before_av_textblock '><span class='hr-inner ' ><span class='hr-inner-style'><\/span><\/span><\/div><br \/>\n<section class=\"av_textblock_section \"  itemscope=\"itemscope\" itemtype=\"https:\/\/schema.org\/BlogPosting\" itemprop=\"blogPost\" ><div class='avia_textblock  '   itemprop=\"text\" ><p><em><strong>Madame Herzig, qui sont les nouveaux membres du Swiss Retail, Nuance Group AG et Dufry Basel-Mulhouse SA ?<\/strong><\/em><\/p>\n<p>Les deux soci\u00e9t\u00e9s sont des filiales \u00e0 100 % du groupe Dufry, qui est le leader mondial du travel retail avec une part de march\u00e9 de plus de 20 % du commerce hors taxes dans les a\u00e9roports et plus de 2 200 boutiques dans 65 pays sur les cinq continents.<\/p>\n<p>Dufry poss\u00e8de un portefeuille diversifi\u00e9 de concepts de vente au d\u00e9tail, dont des concepts de boutiques duty free, duty paid, ou de marques ainsi que des magasins de proximit\u00e9. Leur activit\u00e9 se concentre sur les besoins sp\u00e9cifiques des voyageurs nationaux et internationaux. Ils sont pr\u00e9sents sur diff\u00e9rents canaux de vente au d\u00e9tail, depuis les a\u00e9roports jusqu&rsquo;aux zones touristiques des grandes m\u00e9tropoles.<\/p>\n<p>Cot\u00e9e en bourse en Suisse et au Br\u00e9sil, la soci\u00e9t\u00e9 Dufry a \u00e9tabli son si\u00e8ge social mondial \u00e0 B\u00e2le. Au d\u00e9but de 2018, elle a plac\u00e9 ses op\u00e9rations en Am\u00e9rique du Nord \u00e0 la bourse de NY sous le symbole de Hudson (HUD).<\/p>\n<p>En Suisse, nous sommes actifs depuis les ann\u00e9es 60 dans les a\u00e9roports de Zurich, Gen\u00e8ve et B\u00e2le et sommes, de longue date, un partenaire fiable des autorit\u00e9s a\u00e9roportuaires et d\u2019autres instances, avec qui nous collaborons \u00e9troitement.<\/p>\n<p>Aujourd&rsquo;hui, nous exploitons diff\u00e9rents concepts de magasins avec The Nuance Group SA \u00e0 Zurich et Gen\u00e8ve et avec Dufry Mulhouse Basel SA \u00e0 B\u00e2le. Nos 750 employ\u00e9s travaillent dans 50 boutiques de luxe mono et multimarques duty free et duty paid. Les membres du corps diplomatique suisse, bas\u00e9s \u00e0 Berne et \u00e0 Gen\u00e8ve essentiellement, ont \u00e9galement acc\u00e8s \u00e0 notre service sp\u00e9cial au magasin de la communaut\u00e9 diplomatique situ\u00e9 pr\u00e8s du site de l&rsquo;ONU \u00e0 Gen\u00e8ve.<\/p>\n<p><em><strong>Pour quelle raison voulez-vous adh\u00e9rer \u00e0 la F\u00e9d\u00e9ration suisse du commerce de d\u00e9tail?<\/strong><\/em><\/p>\n<p>Il nous semble important de partager nos points de vue avec d&rsquo;autres d\u00e9taillants suisses et de nous faire une vue d\u2019ensemble des questions politiques en lien avec notre secteur d\u2019activit\u00e9 au niveau national. En tant que membre de Swiss Retail, nous tirons avantage d\u2019\u00e9tudes importantes, de groupes de travail et d&rsquo;ateliers qui nous aident \u00e0 mieux comprendre le march\u00e9 et b\u00e9n\u00e9ficions aussi du solide r\u00e9seau que l&rsquo;association a tiss\u00e9 dans l&rsquo;ar\u00e8ne politique. Nous avons la ferme conviction que Swiss Retail et nos deux soci\u00e9t\u00e9s suisses, The Nuance Group SA et Dufry Basel Mulhouse SA, peuvent profiter les unes des autres et que nous pourrons ainsi d\u00e9velopper nos activit\u00e9s.<\/p>\n<\/div><\/section><br \/>\n<div   class='hr hr-short hr-center   avia-builder-el-4  el_after_av_textblock  el_before_av_image '><span class='hr-inner ' ><span class='hr-inner-style'><\/span><\/span><\/div><br \/>\n<div  class='avia-image-container  av-styling-    avia-builder-el-5  el_after_av_hr  el_before_av_textblock  avia-align-center '  itemprop=\"image\" itemscope=\"itemscope\" itemtype=\"https:\/\/schema.org\/ImageObject\"  ><div class='avia-image-container-inner'><div class='avia-image-overlay-wrap'><img class='avia_image' src='https:\/\/www.swiss-retail.ch\/wp-content\/uploads\/2018\/07\/Ekaterina_Herzig_660x526px-300x239.jpg' alt='' title='Ekaterina_Herzig_660x526px' height=\"239\" width=\"300\"  itemprop=\"thumbnailUrl\"  \/><\/div><\/div><\/div><br \/>\n<section class=\"av_textblock_section \"  itemscope=\"itemscope\" itemtype=\"https:\/\/schema.org\/BlogPosting\" itemprop=\"blogPost\" ><div class='avia_textblock  '   itemprop=\"text\" ><p><strong>Ekaterina Herzig<\/strong><br \/>\nEkaterina Herzig a plus de 20 ans d&rsquo;exp\u00e9rience au niveau ex\u00e9cutif dans le commerce de d\u00e9tail international. Elle a travaill\u00e9 dans 22 pays de la r\u00e9gion EMEA o\u00f9 elle a occup\u00e9, entre autres, le poste de directrice g\u00e9n\u00e9rale pour les pays et les op\u00e9rations dans le commerce de gros et de d\u00e9tail, mais aussi de responsable d\u2019unit\u00e9s d\u2019affaires, telles les unit\u00e9s fusions- acquisitions ou d\u00e9veloppement mondial des activit\u00e9s.<br \/>\nAvant de rejoindre The Nuance Group et Dufry Group, elle a travaill\u00e9 au service de d\u00e9taillants tels que A.S. Watson Luxury Group et le groupe Marionnaud. Elle poss\u00e8de une connaissance approfondie des secteurs du luxe et des march\u00e9s de masse.<br \/>\nElle est membre du Comit\u00e9 ex\u00e9cutif de la direction de division pour le Royaume-Uni et l&rsquo;Europe centrale et directrice g\u00e9n\u00e9rale pour la Suisse. Elle est titulaire d&rsquo;un BBA de l&rsquo;Universit\u00e9 internationale de Gen\u00e8ve et d&rsquo;un MBA de la Booth School of Business de l&rsquo;Universit\u00e9 de Chicago. Citoyenne suisse, Ekaterina Herzig est mari\u00e9e et m\u00e8re d\u2019une fille.<\/p>\n<\/div><\/section><\/p><\/div>\n","protected":false},"excerpt":{"rendered":"","protected":false},"author":7,"featured_media":6638,"comment_status":"closed","ping_status":"closed","sticky":false,"template":"","format":"standard","meta":[],"categories":[64],"tags":[],"yoast_head":"<!-- This site is optimized with the Yoast SEO plugin v18.5.1 - https:\/\/yoast.com\/wordpress\/plugins\/seo\/ -->\n<title>Deux soci\u00e9t\u00e9s du groupe Dufry font d\u00e9sormais partie de Swiss Retail -<\/title>\n<meta name=\"robots\" content=\"index, follow, max-snippet:-1, max-image-preview:large, max-video-preview:-1\" \/>\n<link rel=\"canonical\" href=\"https:\/\/www.swiss-retail.ch\/fr\/news-fr\/interview-mit-neuem-swiss-retail-mitglied-dufry-group\/\" \/>\n<meta property=\"og:locale\" content=\"fr_FR\" \/>\n<meta property=\"og:type\" content=\"article\" \/>\n<meta property=\"og:title\" content=\"Deux soci\u00e9t\u00e9s du groupe Dufry font d\u00e9sormais partie de Swiss Retail -\" \/>\n<meta property=\"og:url\" content=\"https:\/\/www.swiss-retail.ch\/fr\/news-fr\/interview-mit-neuem-swiss-retail-mitglied-dufry-group\/\" \/>\n<meta property=\"article:published_time\" content=\"2018-07-04T20:07:36+00:00\" \/>\n<meta property=\"article:modified_time\" content=\"2018-07-06T12:16:08+00:00\" \/>\n<meta property=\"og:image\" content=\"https:\/\/www.swiss-retail.ch\/wp-content\/uploads\/2018\/07\/Ekaterina_Herzig_660x526px.jpg\" \/>\n\t<meta property=\"og:image:width\" content=\"660\" \/>\n\t<meta property=\"og:image:height\" content=\"526\" \/>\n\t<meta property=\"og:image:type\" content=\"image\/jpeg\" \/>\n<meta name=\"twitter:card\" content=\"summary_large_image\" \/>\n<meta name=\"twitter:label1\" content=\"\u00c9crit par\" \/>\n\t<meta name=\"twitter:data1\" content=\"Claudio Looser\" \/>\n\t<meta name=\"twitter:label2\" content=\"Dur\u00e9e de lecture estim\u00e9e\" \/>\n\t<meta name=\"twitter:data2\" content=\"4 minutes\" \/>\n<script type=\"application\/ld+json\" class=\"yoast-schema-graph\">{\"@context\":\"https:\/\/schema.org\",\"@graph\":[{\"@type\":\"WebSite\",\"@id\":\"https:\/\/www.swiss-retail.ch\/#website\",\"url\":\"https:\/\/www.swiss-retail.ch\/\",\"name\":\"\",\"description\":\"Verband der Mittel- und Grossbetriebe des schweizerischen Detailhandels\",\"potentialAction\":[{\"@type\":\"SearchAction\",\"target\":{\"@type\":\"EntryPoint\",\"urlTemplate\":\"https:\/\/www.swiss-retail.ch\/?s={search_term_string}\"},\"query-input\":\"required name=search_term_string\"}],\"inLanguage\":\"fr-FR\"},{\"@type\":\"ImageObject\",\"@id\":\"https:\/\/www.swiss-retail.ch\/fr\/news-fr\/interview-mit-neuem-swiss-retail-mitglied-dufry-group\/#primaryimage\",\"inLanguage\":\"fr-FR\",\"url\":\"https:\/\/www.swiss-retail.ch\/wp-content\/uploads\/2018\/07\/Ekaterina_Herzig_660x526px.jpg\",\"contentUrl\":\"https:\/\/www.swiss-retail.ch\/wp-content\/uploads\/2018\/07\/Ekaterina_Herzig_660x526px.jpg\",\"width\":660,\"height\":526},{\"@type\":\"WebPage\",\"@id\":\"https:\/\/www.swiss-retail.ch\/fr\/news-fr\/interview-mit-neuem-swiss-retail-mitglied-dufry-group\/#webpage\",\"url\":\"https:\/\/www.swiss-retail.ch\/fr\/news-fr\/interview-mit-neuem-swiss-retail-mitglied-dufry-group\/\",\"name\":\"Deux soci\u00e9t\u00e9s du groupe Dufry font d\u00e9sormais partie de Swiss Retail -\",\"isPartOf\":{\"@id\":\"https:\/\/www.swiss-retail.ch\/#website\"},\"primaryImageOfPage\":{\"@id\":\"https:\/\/www.swiss-retail.ch\/fr\/news-fr\/interview-mit-neuem-swiss-retail-mitglied-dufry-group\/#primaryimage\"},\"datePublished\":\"2018-07-04T20:07:36+00:00\",\"dateModified\":\"2018-07-06T12:16:08+00:00\",\"author\":{\"@id\":\"https:\/\/www.swiss-retail.ch\/#\/schema\/person\/2d56f4201fb0be31cc400171a2615b34\"},\"breadcrumb\":{\"@id\":\"https:\/\/www.swiss-retail.ch\/fr\/news-fr\/interview-mit-neuem-swiss-retail-mitglied-dufry-group\/#breadcrumb\"},\"inLanguage\":\"fr-FR\",\"potentialAction\":[{\"@type\":\"ReadAction\",\"target\":[\"https:\/\/www.swiss-retail.ch\/fr\/news-fr\/interview-mit-neuem-swiss-retail-mitglied-dufry-group\/\"]}]},{\"@type\":\"BreadcrumbList\",\"@id\":\"https:\/\/www.swiss-retail.ch\/fr\/news-fr\/interview-mit-neuem-swiss-retail-mitglied-dufry-group\/#breadcrumb\",\"itemListElement\":[{\"@type\":\"ListItem\",\"position\":1,\"name\":\"Startseite\",\"item\":\"https:\/\/www.swiss-retail.ch\/fr\/homepage\/\"},{\"@type\":\"ListItem\",\"position\":2,\"name\":\"Deux soci\u00e9t\u00e9s du groupe Dufry font d\u00e9sormais partie de Swiss Retail\"}]},{\"@type\":\"Person\",\"@id\":\"https:\/\/www.swiss-retail.ch\/#\/schema\/person\/2d56f4201fb0be31cc400171a2615b34\",\"name\":\"Claudio Looser\",\"url\":\"https:\/\/www.swiss-retail.ch\/fr\/author\/claudiolooser\/\"}]}<\/script>\n<!-- \/ Yoast SEO plugin. -->","yoast_head_json":{"title":"Deux soci\u00e9t\u00e9s du groupe Dufry font d\u00e9sormais partie de Swiss Retail -","robots":{"index":"index","follow":"follow","max-snippet":"max-snippet:-1","max-image-preview":"max-image-preview:large","max-video-preview":"max-video-preview:-1"},"canonical":"https:\/\/www.swiss-retail.ch\/fr\/news-fr\/interview-mit-neuem-swiss-retail-mitglied-dufry-group\/","og_locale":"fr_FR","og_type":"article","og_title":"Deux soci\u00e9t\u00e9s du groupe Dufry font d\u00e9sormais partie de Swiss Retail -","og_url":"https:\/\/www.swiss-retail.ch\/fr\/news-fr\/interview-mit-neuem-swiss-retail-mitglied-dufry-group\/","article_published_time":"2018-07-04T20:07:36+00:00","article_modified_time":"2018-07-06T12:16:08+00:00","og_image":[{"width":660,"height":526,"url":"https:\/\/www.swiss-retail.ch\/wp-content\/uploads\/2018\/07\/Ekaterina_Herzig_660x526px.jpg","type":"image\/jpeg"}],"twitter_card":"summary_large_image","twitter_misc":{"\u00c9crit par":"Claudio Looser","Dur\u00e9e de lecture estim\u00e9e":"4 minutes"},"schema":{"@context":"https:\/\/schema.org","@graph":[{"@type":"WebSite","@id":"https:\/\/www.swiss-retail.ch\/#website","url":"https:\/\/www.swiss-retail.ch\/","name":"","description":"Verband der Mittel- und Grossbetriebe des schweizerischen Detailhandels","potentialAction":[{"@type":"SearchAction","target":{"@type":"EntryPoint","urlTemplate":"https:\/\/www.swiss-retail.ch\/?s={search_term_string}"},"query-input":"required name=search_term_string"}],"inLanguage":"fr-FR"},{"@type":"ImageObject","@id":"https:\/\/www.swiss-retail.ch\/fr\/news-fr\/interview-mit-neuem-swiss-retail-mitglied-dufry-group\/#primaryimage","inLanguage":"fr-FR","url":"https:\/\/www.swiss-retail.ch\/wp-content\/uploads\/2018\/07\/Ekaterina_Herzig_660x526px.jpg","contentUrl":"https:\/\/www.swiss-retail.ch\/wp-content\/uploads\/2018\/07\/Ekaterina_Herzig_660x526px.jpg","width":660,"height":526},{"@type":"WebPage","@id":"https:\/\/www.swiss-retail.ch\/fr\/news-fr\/interview-mit-neuem-swiss-retail-mitglied-dufry-group\/#webpage","url":"https:\/\/www.swiss-retail.ch\/fr\/news-fr\/interview-mit-neuem-swiss-retail-mitglied-dufry-group\/","name":"Deux soci\u00e9t\u00e9s du groupe Dufry font d\u00e9sormais partie de Swiss Retail -","isPartOf":{"@id":"https:\/\/www.swiss-retail.ch\/#website"},"primaryImageOfPage":{"@id":"https:\/\/www.swiss-retail.ch\/fr\/news-fr\/interview-mit-neuem-swiss-retail-mitglied-dufry-group\/#primaryimage"},"datePublished":"2018-07-04T20:07:36+00:00","dateModified":"2018-07-06T12:16:08+00:00","author":{"@id":"https:\/\/www.swiss-retail.ch\/#\/schema\/person\/2d56f4201fb0be31cc400171a2615b34"},"breadcrumb":{"@id":"https:\/\/www.swiss-retail.ch\/fr\/news-fr\/interview-mit-neuem-swiss-retail-mitglied-dufry-group\/#breadcrumb"},"inLanguage":"fr-FR","potentialAction":[{"@type":"ReadAction","target":["https:\/\/www.swiss-retail.ch\/fr\/news-fr\/interview-mit-neuem-swiss-retail-mitglied-dufry-group\/"]}]},{"@type":"BreadcrumbList","@id":"https:\/\/www.swiss-retail.ch\/fr\/news-fr\/interview-mit-neuem-swiss-retail-mitglied-dufry-group\/#breadcrumb","itemListElement":[{"@type":"ListItem","position":1,"name":"Startseite","item":"https:\/\/www.swiss-retail.ch\/fr\/homepage\/"},{"@type":"ListItem","position":2,"name":"Deux soci\u00e9t\u00e9s du groupe Dufry font d\u00e9sormais partie de Swiss Retail"}]},{"@type":"Person","@id":"https:\/\/www.swiss-retail.ch\/#\/schema\/person\/2d56f4201fb0be31cc400171a2615b34","name":"Claudio Looser","url":"https:\/\/www.swiss-retail.ch\/fr\/author\/claudiolooser\/"}]}},"_links":{"self":[{"href":"https:\/\/www.swiss-retail.ch\/fr\/wp-json\/wp\/v2\/posts\/6650"}],"collection":[{"href":"https:\/\/www.swiss-retail.ch\/fr\/wp-json\/wp\/v2\/posts"}],"about":[{"href":"https:\/\/www.swiss-retail.ch\/fr\/wp-json\/wp\/v2\/types\/post"}],"author":[{"embeddable":true,"href":"https:\/\/www.swiss-retail.ch\/fr\/wp-json\/wp\/v2\/users\/7"}],"replies":[{"embeddable":true,"href":"https:\/\/www.swiss-retail.ch\/fr\/wp-json\/wp\/v2\/comments?post=6650"}],"version-history":[{"count":5,"href":"https:\/\/www.swiss-retail.ch\/fr\/wp-json\/wp\/v2\/posts\/6650\/revisions"}],"predecessor-version":[{"id":6664,"href":"https:\/\/www.swiss-retail.ch\/fr\/wp-json\/wp\/v2\/posts\/6650\/revisions\/6664"}],"wp:featuredmedia":[{"embeddable":true,"href":"https:\/\/www.swiss-retail.ch\/fr\/wp-json\/wp\/v2\/media\/6638"}],"wp:attachment":[{"href":"https:\/\/www.swiss-retail.ch\/fr\/wp-json\/wp\/v2\/media?parent=6650"}],"wp:term":[{"taxonomy":"category","embeddable":true,"href":"https:\/\/www.swiss-retail.ch\/fr\/wp-json\/wp\/v2\/categories?post=6650"},{"taxonomy":"post_tag","embeddable":true,"href":"https:\/\/www.swiss-retail.ch\/fr\/wp-json\/wp\/v2\/tags?post=6650"}],"curies":[{"name":"wp","href":"https:\/\/api.w.org\/{rel}","templated":true}]}}