{"id":6686,"date":"2018-08-14T10:01:35","date_gmt":"2018-08-14T08:01:35","guid":{"rendered":"http:\/\/www.swiss-retail.ch\/?p=6686"},"modified":"2018-08-14T11:48:08","modified_gmt":"2018-08-14T09:48:08","slug":"seminaire-consacre-aux-nouveaux-developpements-et-decisions-majeures-touchant-le-droit-du-travail","status":"publish","type":"post","link":"https:\/\/www.swiss-retail.ch\/fr\/evenements\/seminaire-consacre-aux-nouveaux-developpements-et-decisions-majeures-touchant-le-droit-du-travail\/","title":{"rendered":"S\u00e9minaire consacr\u00e9 aux nouveaux d\u00e9veloppements et d\u00e9cisions majeures touchant le droit du travail"},"content":{"rendered":"<div class=\"flex_column av_one_full  flex_column_div av-zero-column-padding first  avia-builder-el-0  avia-builder-el-no-sibling  \" style='border-radius:0px; '><p><div  style='height:50px' class='hr hr-invisible   avia-builder-el-1  el_before_av_textblock  avia-builder-el-first '><span class='hr-inner ' ><span class='hr-inner-style'><\/span><\/span><\/div><br \/>\n<section class=\"av_textblock_section \"  itemscope=\"itemscope\" itemtype=\"https:\/\/schema.org\/BlogPosting\" itemprop=\"blogPost\" ><div class='avia_textblock  '   itemprop=\"text\" ><h2 style=\"text-align: center;\">S\u00e9minaire consacr\u00e9 aux nouveaux d\u00e9veloppements et d\u00e9cisions majeures touchant le droit du travail<\/h2>\n<\/div><\/section><br \/>\n<div   class='hr hr-short hr-center   avia-builder-el-3  el_after_av_textblock  el_before_av_textblock '><span class='hr-inner ' ><span class='hr-inner-style'><\/span><\/span><\/div><br \/>\n<section class=\"av_textblock_section \"  itemscope=\"itemscope\" itemtype=\"https:\/\/schema.org\/BlogPosting\" itemprop=\"blogPost\" ><div class='avia_textblock  '   itemprop=\"text\" ><p>Swiss Retail organise un s\u00e9minaire consacr\u00e9 aux nouveaux d\u00e9veloppements et d\u00e9cisions majeures touchant le droit du travail. Il se d\u00e9roule en deux parties et des experts confirm\u00e9s ont pu \u00eatre mobilis\u00e9s pour chacune d&rsquo;elles. L\u2019\u00e9v\u00e9nement aura lieu \u00e0 Zurich ou \u00e0 Berne, en fonction du nombre d\u2019inscriptions.<\/p>\n<p><em><strong>Programme<\/strong><\/em><br \/>\nPartie 1: Obstacles au droit du travail<\/p>\n<ul>\n<li>14h00-15h15: Dr. Alex Frei, association d&#8217;employeurs de B\u00e2le, responsable du droit du travail et du march\u00e9 du travail<\/li>\n<li>15h15-15h45: caf\u00e9 r\u00e9seau<\/li>\n<\/ul>\n<p>Partie 2: D\u00e9cisions \/ d\u00e9veloppements cl\u00e9s plus r\u00e9cents en droit du travail<\/p>\n<ul>\n<li>15h45-17h00: Thomas K\u00e4lin, lic.iur., Avocat, associ\u00e9 chez Meyerlustenberger Lachenal<\/li>\n<\/ul>\n<p>L\u2019\u00e9v\u00e9nement est gratuit pour les membres. Les non-membres sont \u00e9galement bienvenus. Une participation aux frais de CHF 200 leur est demand\u00e9e, ou de CHF 150 \u00e0 partir de 2 personnes venant de la m\u00eame entreprise. Les inscriptions sont prises en compte jusqu\u2019au 24 ao\u00fbt 2018 \u00e0 <a href=\"mailto:info@swiss-retail.ch\">info@swiss-retail.ch<\/a>.<\/p>\n<\/div><\/section><\/p><\/div>\n","protected":false},"excerpt":{"rendered":"","protected":false},"author":7,"featured_media":6681,"comment_status":"closed","ping_status":"closed","sticky":false,"template":"","format":"standard","meta":[],"categories":[58,64,68],"tags":[],"yoast_head":"<!-- This site is optimized with the Yoast SEO plugin v18.5.1 - https:\/\/yoast.com\/wordpress\/plugins\/seo\/ -->\n<title>S\u00e9minaire consacr\u00e9 aux nouveaux d\u00e9veloppements et d\u00e9cisions majeures touchant le droit du travail -<\/title>\n<meta name=\"robots\" content=\"index, follow, max-snippet:-1, max-image-preview:large, max-video-preview:-1\" \/>\n<link rel=\"canonical\" href=\"https:\/\/www.swiss-retail.ch\/fr\/evenements\/seminaire-consacre-aux-nouveaux-developpements-et-decisions-majeures-touchant-le-droit-du-travail\/\" \/>\n<meta property=\"og:locale\" content=\"fr_FR\" \/>\n<meta property=\"og:type\" content=\"article\" \/>\n<meta property=\"og:title\" content=\"S\u00e9minaire consacr\u00e9 aux nouveaux d\u00e9veloppements et d\u00e9cisions majeures touchant le droit du travail -\" \/>\n<meta property=\"og:url\" content=\"https:\/\/www.swiss-retail.ch\/fr\/evenements\/seminaire-consacre-aux-nouveaux-developpements-et-decisions-majeures-touchant-le-droit-du-travail\/\" \/>\n<meta property=\"article:published_time\" content=\"2018-08-14T08:01:35+00:00\" \/>\n<meta property=\"article:modified_time\" content=\"2018-08-14T09:48:08+00:00\" \/>\n<meta property=\"og:image\" content=\"https:\/\/www.swiss-retail.ch\/wp-content\/uploads\/2018\/08\/Seminar_News.jpg\" \/>\n\t<meta property=\"og:image:width\" content=\"660\" \/>\n\t<meta property=\"og:image:height\" content=\"526\" \/>\n\t<meta property=\"og:image:type\" content=\"image\/jpeg\" \/>\n<meta name=\"twitter:card\" content=\"summary_large_image\" \/>\n<meta name=\"twitter:label1\" content=\"\u00c9crit par\" \/>\n\t<meta name=\"twitter:data1\" content=\"Claudio Looser\" \/>\n\t<meta name=\"twitter:label2\" content=\"Dur\u00e9e de lecture estim\u00e9e\" \/>\n\t<meta name=\"twitter:data2\" content=\"2 minutes\" \/>\n<script type=\"application\/ld+json\" class=\"yoast-schema-graph\">{\"@context\":\"https:\/\/schema.org\",\"@graph\":[{\"@type\":\"WebSite\",\"@id\":\"https:\/\/www.swiss-retail.ch\/#website\",\"url\":\"https:\/\/www.swiss-retail.ch\/\",\"name\":\"\",\"description\":\"Verband der Mittel- und Grossbetriebe des schweizerischen Detailhandels\",\"potentialAction\":[{\"@type\":\"SearchAction\",\"target\":{\"@type\":\"EntryPoint\",\"urlTemplate\":\"https:\/\/www.swiss-retail.ch\/?s={search_term_string}\"},\"query-input\":\"required name=search_term_string\"}],\"inLanguage\":\"fr-FR\"},{\"@type\":\"ImageObject\",\"@id\":\"https:\/\/www.swiss-retail.ch\/fr\/evenements\/seminaire-consacre-aux-nouveaux-developpements-et-decisions-majeures-touchant-le-droit-du-travail\/#primaryimage\",\"inLanguage\":\"fr-FR\",\"url\":\"https:\/\/www.swiss-retail.ch\/wp-content\/uploads\/2018\/08\/Seminar_News.jpg\",\"contentUrl\":\"https:\/\/www.swiss-retail.ch\/wp-content\/uploads\/2018\/08\/Seminar_News.jpg\",\"width\":660,\"height\":526},{\"@type\":\"WebPage\",\"@id\":\"https:\/\/www.swiss-retail.ch\/fr\/evenements\/seminaire-consacre-aux-nouveaux-developpements-et-decisions-majeures-touchant-le-droit-du-travail\/#webpage\",\"url\":\"https:\/\/www.swiss-retail.ch\/fr\/evenements\/seminaire-consacre-aux-nouveaux-developpements-et-decisions-majeures-touchant-le-droit-du-travail\/\",\"name\":\"S\u00e9minaire consacr\u00e9 aux nouveaux d\u00e9veloppements et d\u00e9cisions majeures touchant le droit du travail -\",\"isPartOf\":{\"@id\":\"https:\/\/www.swiss-retail.ch\/#website\"},\"primaryImageOfPage\":{\"@id\":\"https:\/\/www.swiss-retail.ch\/fr\/evenements\/seminaire-consacre-aux-nouveaux-developpements-et-decisions-majeures-touchant-le-droit-du-travail\/#primaryimage\"},\"datePublished\":\"2018-08-14T08:01:35+00:00\",\"dateModified\":\"2018-08-14T09:48:08+00:00\",\"author\":{\"@id\":\"https:\/\/www.swiss-retail.ch\/#\/schema\/person\/2d56f4201fb0be31cc400171a2615b34\"},\"breadcrumb\":{\"@id\":\"https:\/\/www.swiss-retail.ch\/fr\/evenements\/seminaire-consacre-aux-nouveaux-developpements-et-decisions-majeures-touchant-le-droit-du-travail\/#breadcrumb\"},\"inLanguage\":\"fr-FR\",\"potentialAction\":[{\"@type\":\"ReadAction\",\"target\":[\"https:\/\/www.swiss-retail.ch\/fr\/evenements\/seminaire-consacre-aux-nouveaux-developpements-et-decisions-majeures-touchant-le-droit-du-travail\/\"]}]},{\"@type\":\"BreadcrumbList\",\"@id\":\"https:\/\/www.swiss-retail.ch\/fr\/evenements\/seminaire-consacre-aux-nouveaux-developpements-et-decisions-majeures-touchant-le-droit-du-travail\/#breadcrumb\",\"itemListElement\":[{\"@type\":\"ListItem\",\"position\":1,\"name\":\"Startseite\",\"item\":\"https:\/\/www.swiss-retail.ch\/fr\/homepage\/\"},{\"@type\":\"ListItem\",\"position\":2,\"name\":\"S\u00e9minaire consacr\u00e9 aux nouveaux d\u00e9veloppements et d\u00e9cisions majeures touchant le droit du travail\"}]},{\"@type\":\"Person\",\"@id\":\"https:\/\/www.swiss-retail.ch\/#\/schema\/person\/2d56f4201fb0be31cc400171a2615b34\",\"name\":\"Claudio Looser\",\"url\":\"https:\/\/www.swiss-retail.ch\/fr\/author\/claudiolooser\/\"}]}<\/script>\n<!-- \/ Yoast SEO plugin. -->","yoast_head_json":{"title":"S\u00e9minaire consacr\u00e9 aux nouveaux d\u00e9veloppements et d\u00e9cisions majeures touchant le droit du travail -","robots":{"index":"index","follow":"follow","max-snippet":"max-snippet:-1","max-image-preview":"max-image-preview:large","max-video-preview":"max-video-preview:-1"},"canonical":"https:\/\/www.swiss-retail.ch\/fr\/evenements\/seminaire-consacre-aux-nouveaux-developpements-et-decisions-majeures-touchant-le-droit-du-travail\/","og_locale":"fr_FR","og_type":"article","og_title":"S\u00e9minaire consacr\u00e9 aux nouveaux d\u00e9veloppements et d\u00e9cisions majeures touchant le droit du travail -","og_url":"https:\/\/www.swiss-retail.ch\/fr\/evenements\/seminaire-consacre-aux-nouveaux-developpements-et-decisions-majeures-touchant-le-droit-du-travail\/","article_published_time":"2018-08-14T08:01:35+00:00","article_modified_time":"2018-08-14T09:48:08+00:00","og_image":[{"width":660,"height":526,"url":"https:\/\/www.swiss-retail.ch\/wp-content\/uploads\/2018\/08\/Seminar_News.jpg","type":"image\/jpeg"}],"twitter_card":"summary_large_image","twitter_misc":{"\u00c9crit par":"Claudio Looser","Dur\u00e9e de lecture estim\u00e9e":"2 minutes"},"schema":{"@context":"https:\/\/schema.org","@graph":[{"@type":"WebSite","@id":"https:\/\/www.swiss-retail.ch\/#website","url":"https:\/\/www.swiss-retail.ch\/","name":"","description":"Verband der Mittel- und Grossbetriebe des schweizerischen Detailhandels","potentialAction":[{"@type":"SearchAction","target":{"@type":"EntryPoint","urlTemplate":"https:\/\/www.swiss-retail.ch\/?s={search_term_string}"},"query-input":"required name=search_term_string"}],"inLanguage":"fr-FR"},{"@type":"ImageObject","@id":"https:\/\/www.swiss-retail.ch\/fr\/evenements\/seminaire-consacre-aux-nouveaux-developpements-et-decisions-majeures-touchant-le-droit-du-travail\/#primaryimage","inLanguage":"fr-FR","url":"https:\/\/www.swiss-retail.ch\/wp-content\/uploads\/2018\/08\/Seminar_News.jpg","contentUrl":"https:\/\/www.swiss-retail.ch\/wp-content\/uploads\/2018\/08\/Seminar_News.jpg","width":660,"height":526},{"@type":"WebPage","@id":"https:\/\/www.swiss-retail.ch\/fr\/evenements\/seminaire-consacre-aux-nouveaux-developpements-et-decisions-majeures-touchant-le-droit-du-travail\/#webpage","url":"https:\/\/www.swiss-retail.ch\/fr\/evenements\/seminaire-consacre-aux-nouveaux-developpements-et-decisions-majeures-touchant-le-droit-du-travail\/","name":"S\u00e9minaire consacr\u00e9 aux nouveaux d\u00e9veloppements et d\u00e9cisions majeures touchant le droit du travail -","isPartOf":{"@id":"https:\/\/www.swiss-retail.ch\/#website"},"primaryImageOfPage":{"@id":"https:\/\/www.swiss-retail.ch\/fr\/evenements\/seminaire-consacre-aux-nouveaux-developpements-et-decisions-majeures-touchant-le-droit-du-travail\/#primaryimage"},"datePublished":"2018-08-14T08:01:35+00:00","dateModified":"2018-08-14T09:48:08+00:00","author":{"@id":"https:\/\/www.swiss-retail.ch\/#\/schema\/person\/2d56f4201fb0be31cc400171a2615b34"},"breadcrumb":{"@id":"https:\/\/www.swiss-retail.ch\/fr\/evenements\/seminaire-consacre-aux-nouveaux-developpements-et-decisions-majeures-touchant-le-droit-du-travail\/#breadcrumb"},"inLanguage":"fr-FR","potentialAction":[{"@type":"ReadAction","target":["https:\/\/www.swiss-retail.ch\/fr\/evenements\/seminaire-consacre-aux-nouveaux-developpements-et-decisions-majeures-touchant-le-droit-du-travail\/"]}]},{"@type":"BreadcrumbList","@id":"https:\/\/www.swiss-retail.ch\/fr\/evenements\/seminaire-consacre-aux-nouveaux-developpements-et-decisions-majeures-touchant-le-droit-du-travail\/#breadcrumb","itemListElement":[{"@type":"ListItem","position":1,"name":"Startseite","item":"https:\/\/www.swiss-retail.ch\/fr\/homepage\/"},{"@type":"ListItem","position":2,"name":"S\u00e9minaire consacr\u00e9 aux nouveaux d\u00e9veloppements et d\u00e9cisions majeures touchant le droit du travail"}]},{"@type":"Person","@id":"https:\/\/www.swiss-retail.ch\/#\/schema\/person\/2d56f4201fb0be31cc400171a2615b34","name":"Claudio Looser","url":"https:\/\/www.swiss-retail.ch\/fr\/author\/claudiolooser\/"}]}},"_links":{"self":[{"href":"https:\/\/www.swiss-retail.ch\/fr\/wp-json\/wp\/v2\/posts\/6686"}],"collection":[{"href":"https:\/\/www.swiss-retail.ch\/fr\/wp-json\/wp\/v2\/posts"}],"about":[{"href":"https:\/\/www.swiss-retail.ch\/fr\/wp-json\/wp\/v2\/types\/post"}],"author":[{"embeddable":true,"href":"https:\/\/www.swiss-retail.ch\/fr\/wp-json\/wp\/v2\/users\/7"}],"replies":[{"embeddable":true,"href":"https:\/\/www.swiss-retail.ch\/fr\/wp-json\/wp\/v2\/comments?post=6686"}],"version-history":[{"count":3,"href":"https:\/\/www.swiss-retail.ch\/fr\/wp-json\/wp\/v2\/posts\/6686\/revisions"}],"predecessor-version":[{"id":6689,"href":"https:\/\/www.swiss-retail.ch\/fr\/wp-json\/wp\/v2\/posts\/6686\/revisions\/6689"}],"wp:featuredmedia":[{"embeddable":true,"href":"https:\/\/www.swiss-retail.ch\/fr\/wp-json\/wp\/v2\/media\/6681"}],"wp:attachment":[{"href":"https:\/\/www.swiss-retail.ch\/fr\/wp-json\/wp\/v2\/media?parent=6686"}],"wp:term":[{"taxonomy":"category","embeddable":true,"href":"https:\/\/www.swiss-retail.ch\/fr\/wp-json\/wp\/v2\/categories?post=6686"},{"taxonomy":"post_tag","embeddable":true,"href":"https:\/\/www.swiss-retail.ch\/fr\/wp-json\/wp\/v2\/tags?post=6686"}],"curies":[{"name":"wp","href":"https:\/\/api.w.org\/{rel}","templated":true}]}}