{"id":6703,"date":"2018-08-16T14:11:33","date_gmt":"2018-08-16T12:11:33","guid":{"rendered":"http:\/\/www.swiss-retail.ch\/?p=6703"},"modified":"2018-08-16T14:11:33","modified_gmt":"2018-08-16T12:11:33","slug":"lordonnance-regissant-la-vente-par-correspondance-entrera-en-vigueur-le-1er-janvier-2019","status":"publish","type":"post","link":"https:\/\/www.swiss-retail.ch\/fr\/news-fr\/lordonnance-regissant-la-vente-par-correspondance-entrera-en-vigueur-le-1er-janvier-2019\/","title":{"rendered":"L&rsquo;ordonnance r\u00e9gissant la vente par correspondance entrera en vigueur le 1er janvier 2019"},"content":{"rendered":"<div class=\"flex_column av_one_full  flex_column_div av-zero-column-padding first  avia-builder-el-0  avia-builder-el-no-sibling  \" style='border-radius:0px; '><p><div  style='height:50px' class='hr hr-invisible   avia-builder-el-1  el_before_av_textblock  avia-builder-el-first '><span class='hr-inner ' ><span class='hr-inner-style'><\/span><\/span><\/div><br \/>\n<section class=\"av_textblock_section \"  itemscope=\"itemscope\" itemtype=\"https:\/\/schema.org\/BlogPosting\" itemprop=\"blogPost\" ><div class='avia_textblock  '   itemprop=\"text\" ><h2 style=\"text-align: center;\">L&rsquo;ordonnance r\u00e9gissant la vente par correspondance entrera en vigueur le 1er janvier 2019<\/h2>\n<\/div><\/section><br \/>\n<div   class='hr hr-short hr-center   avia-builder-el-3  el_after_av_textblock  el_before_av_textblock '><span class='hr-inner ' ><span class='hr-inner-style'><\/span><\/span><\/div><br \/>\n<section class=\"av_textblock_section \"  itemscope=\"itemscope\" itemtype=\"https:\/\/schema.org\/BlogPosting\" itemprop=\"blogPost\" ><div class='avia_textblock  '   itemprop=\"text\" ><p>Lors de sa s\u00e9ance du 15 ao\u00fbt 2018, le Conseil f\u00e9d\u00e9ral a d\u00e9cid\u00e9 de mettre en vigueur au 1er janvier 2019 l&rsquo;ordonnance r\u00e9gissant la vente par correspondance. Ainsi, toutes les parties de la r\u00e9vision partielle de la loi sur la TVA seront mises en \u0153uvre.<\/p>\n<p>Le Conseil f\u00e9d\u00e9ral r\u00e8gle d&rsquo;importants d\u00e9tails dans les nouvelles dispositions concernant la vente par correspondance de l&rsquo;ordonnance r\u00e9gissant la taxe sur la valeur ajout\u00e9e: d\u00e9sormais, le lieu des livraisons effectu\u00e9es par une entreprise de vente par correspondance qui a atteint la limite de chiffre d&rsquo;affaires de 100 000 francs au moyen de petits envois sera r\u00e9put\u00e9 sur le territoire suisse \u00e0 partir du mois suivant celui au cours duquel elle a atteint cette limite. \u00c0 partir de ce moment, elle devra pr\u00e9lever la TVA sur toutes ses livraisons \u00e0 destination de la Suisse et proc\u00e9der aux importations en son propre nom. Si, par la suite, elle n&rsquo;atteint plus la limite de chiffre d&rsquo;affaires de 100 000 francs mais ne le communique pas \u00e0 l&rsquo;Administration f\u00e9d\u00e9rale des contributions, celle-ci partira du principe qu&rsquo;elle souhaite s&rsquo;assujettir de mani\u00e8re volontaire \u00e0 la TVA.<\/p>\n<p>Cette nouvelle r\u00e9glementation supprime un d\u00e9savantage concurrentiel que subissent les entreprises suisses par rapport \u00e0 leurs concurrentes \u00e9trang\u00e8res qui envoient de la marchandise en Suisse.<\/p>\n<p>Pr\u00e9vue initialement au 1er janvier 2018, l&rsquo;entr\u00e9e en vigueur de la nouvelle r\u00e9glementation a d\u00fb \u00eatre report\u00e9e d&rsquo;un an pour que les entreprises concern\u00e9es puissent proc\u00e9der aux changements n\u00e9cessaires dans leurs syst\u00e8mes.<\/p>\n<p>Plus d&rsquo;informations:<\/p>\n<ul>\n<li><a href=\"https:\/\/www.newsd.admin.ch\/newsd\/message\/attachments\/53238.pdf\" target=\"_blank\" rel=\"noopener\">Commentaire de la modification de l&rsquo;ordonnance r\u00e9gissant la taxe sur la valeur ajout\u00e9e<\/a><\/li>\n<li><a href=\"https:\/\/www.newsd.admin.ch\/newsd\/message\/attachments\/53239.pdf\" target=\"_blank\" rel=\"noopener\">Ordonnance r\u00e9gissant la taxe sur la valeur ajout\u00e9e<\/a><\/li>\n<\/ul>\n<\/div><\/section><\/p><\/div>\n","protected":false},"excerpt":{"rendered":"","protected":false},"author":7,"featured_media":5658,"comment_status":"closed","ping_status":"closed","sticky":false,"template":"","format":"standard","meta":[],"categories":[64],"tags":[],"yoast_head":"<!-- This site is optimized with the Yoast SEO plugin v18.5.1 - https:\/\/yoast.com\/wordpress\/plugins\/seo\/ -->\n<title>L&#039;ordonnance r\u00e9gissant la vente par correspondance entrera en vigueur le 1er janvier 2019 -<\/title>\n<meta name=\"robots\" content=\"index, follow, max-snippet:-1, max-image-preview:large, max-video-preview:-1\" \/>\n<link rel=\"canonical\" href=\"https:\/\/www.swiss-retail.ch\/fr\/news-fr\/lordonnance-regissant-la-vente-par-correspondance-entrera-en-vigueur-le-1er-janvier-2019\/\" \/>\n<meta property=\"og:locale\" content=\"fr_FR\" \/>\n<meta property=\"og:type\" content=\"article\" \/>\n<meta property=\"og:title\" content=\"L&#039;ordonnance r\u00e9gissant la vente par correspondance entrera en vigueur le 1er janvier 2019 -\" \/>\n<meta property=\"og:url\" content=\"https:\/\/www.swiss-retail.ch\/fr\/news-fr\/lordonnance-regissant-la-vente-par-correspondance-entrera-en-vigueur-le-1er-janvier-2019\/\" \/>\n<meta property=\"article:published_time\" content=\"2018-08-16T12:11:33+00:00\" \/>\n<meta property=\"og:image\" content=\"https:\/\/www.swiss-retail.ch\/wp-content\/uploads\/2017\/06\/Onlinehandel.jpg\" \/>\n\t<meta property=\"og:image:width\" content=\"660\" \/>\n\t<meta property=\"og:image:height\" content=\"526\" \/>\n\t<meta property=\"og:image:type\" content=\"image\/jpeg\" \/>\n<meta name=\"twitter:card\" content=\"summary_large_image\" \/>\n<meta name=\"twitter:label1\" content=\"\u00c9crit par\" \/>\n\t<meta name=\"twitter:data1\" content=\"Claudio Looser\" \/>\n\t<meta name=\"twitter:label2\" content=\"Dur\u00e9e de lecture estim\u00e9e\" \/>\n\t<meta name=\"twitter:data2\" content=\"2 minutes\" \/>\n<script type=\"application\/ld+json\" class=\"yoast-schema-graph\">{\"@context\":\"https:\/\/schema.org\",\"@graph\":[{\"@type\":\"WebSite\",\"@id\":\"https:\/\/www.swiss-retail.ch\/#website\",\"url\":\"https:\/\/www.swiss-retail.ch\/\",\"name\":\"\",\"description\":\"Verband der Mittel- und Grossbetriebe des schweizerischen Detailhandels\",\"potentialAction\":[{\"@type\":\"SearchAction\",\"target\":{\"@type\":\"EntryPoint\",\"urlTemplate\":\"https:\/\/www.swiss-retail.ch\/?s={search_term_string}\"},\"query-input\":\"required name=search_term_string\"}],\"inLanguage\":\"fr-FR\"},{\"@type\":\"ImageObject\",\"@id\":\"https:\/\/www.swiss-retail.ch\/fr\/news-fr\/lordonnance-regissant-la-vente-par-correspondance-entrera-en-vigueur-le-1er-janvier-2019\/#primaryimage\",\"inLanguage\":\"fr-FR\",\"url\":\"https:\/\/www.swiss-retail.ch\/wp-content\/uploads\/2017\/06\/Onlinehandel.jpg\",\"contentUrl\":\"https:\/\/www.swiss-retail.ch\/wp-content\/uploads\/2017\/06\/Onlinehandel.jpg\",\"width\":660,\"height\":526},{\"@type\":\"WebPage\",\"@id\":\"https:\/\/www.swiss-retail.ch\/fr\/news-fr\/lordonnance-regissant-la-vente-par-correspondance-entrera-en-vigueur-le-1er-janvier-2019\/#webpage\",\"url\":\"https:\/\/www.swiss-retail.ch\/fr\/news-fr\/lordonnance-regissant-la-vente-par-correspondance-entrera-en-vigueur-le-1er-janvier-2019\/\",\"name\":\"L'ordonnance r\u00e9gissant la vente par correspondance entrera en vigueur le 1er janvier 2019 -\",\"isPartOf\":{\"@id\":\"https:\/\/www.swiss-retail.ch\/#website\"},\"primaryImageOfPage\":{\"@id\":\"https:\/\/www.swiss-retail.ch\/fr\/news-fr\/lordonnance-regissant-la-vente-par-correspondance-entrera-en-vigueur-le-1er-janvier-2019\/#primaryimage\"},\"datePublished\":\"2018-08-16T12:11:33+00:00\",\"dateModified\":\"2018-08-16T12:11:33+00:00\",\"author\":{\"@id\":\"https:\/\/www.swiss-retail.ch\/#\/schema\/person\/2d56f4201fb0be31cc400171a2615b34\"},\"breadcrumb\":{\"@id\":\"https:\/\/www.swiss-retail.ch\/fr\/news-fr\/lordonnance-regissant-la-vente-par-correspondance-entrera-en-vigueur-le-1er-janvier-2019\/#breadcrumb\"},\"inLanguage\":\"fr-FR\",\"potentialAction\":[{\"@type\":\"ReadAction\",\"target\":[\"https:\/\/www.swiss-retail.ch\/fr\/news-fr\/lordonnance-regissant-la-vente-par-correspondance-entrera-en-vigueur-le-1er-janvier-2019\/\"]}]},{\"@type\":\"BreadcrumbList\",\"@id\":\"https:\/\/www.swiss-retail.ch\/fr\/news-fr\/lordonnance-regissant-la-vente-par-correspondance-entrera-en-vigueur-le-1er-janvier-2019\/#breadcrumb\",\"itemListElement\":[{\"@type\":\"ListItem\",\"position\":1,\"name\":\"Startseite\",\"item\":\"https:\/\/www.swiss-retail.ch\/fr\/homepage\/\"},{\"@type\":\"ListItem\",\"position\":2,\"name\":\"L&rsquo;ordonnance r\u00e9gissant la vente par correspondance entrera en vigueur le 1er janvier 2019\"}]},{\"@type\":\"Person\",\"@id\":\"https:\/\/www.swiss-retail.ch\/#\/schema\/person\/2d56f4201fb0be31cc400171a2615b34\",\"name\":\"Claudio Looser\",\"url\":\"https:\/\/www.swiss-retail.ch\/fr\/author\/claudiolooser\/\"}]}<\/script>\n<!-- \/ Yoast SEO plugin. -->","yoast_head_json":{"title":"L'ordonnance r\u00e9gissant la vente par correspondance entrera en vigueur le 1er janvier 2019 -","robots":{"index":"index","follow":"follow","max-snippet":"max-snippet:-1","max-image-preview":"max-image-preview:large","max-video-preview":"max-video-preview:-1"},"canonical":"https:\/\/www.swiss-retail.ch\/fr\/news-fr\/lordonnance-regissant-la-vente-par-correspondance-entrera-en-vigueur-le-1er-janvier-2019\/","og_locale":"fr_FR","og_type":"article","og_title":"L'ordonnance r\u00e9gissant la vente par correspondance entrera en vigueur le 1er janvier 2019 -","og_url":"https:\/\/www.swiss-retail.ch\/fr\/news-fr\/lordonnance-regissant-la-vente-par-correspondance-entrera-en-vigueur-le-1er-janvier-2019\/","article_published_time":"2018-08-16T12:11:33+00:00","og_image":[{"width":660,"height":526,"url":"https:\/\/www.swiss-retail.ch\/wp-content\/uploads\/2017\/06\/Onlinehandel.jpg","type":"image\/jpeg"}],"twitter_card":"summary_large_image","twitter_misc":{"\u00c9crit par":"Claudio Looser","Dur\u00e9e de lecture estim\u00e9e":"2 minutes"},"schema":{"@context":"https:\/\/schema.org","@graph":[{"@type":"WebSite","@id":"https:\/\/www.swiss-retail.ch\/#website","url":"https:\/\/www.swiss-retail.ch\/","name":"","description":"Verband der Mittel- und Grossbetriebe des schweizerischen Detailhandels","potentialAction":[{"@type":"SearchAction","target":{"@type":"EntryPoint","urlTemplate":"https:\/\/www.swiss-retail.ch\/?s={search_term_string}"},"query-input":"required name=search_term_string"}],"inLanguage":"fr-FR"},{"@type":"ImageObject","@id":"https:\/\/www.swiss-retail.ch\/fr\/news-fr\/lordonnance-regissant-la-vente-par-correspondance-entrera-en-vigueur-le-1er-janvier-2019\/#primaryimage","inLanguage":"fr-FR","url":"https:\/\/www.swiss-retail.ch\/wp-content\/uploads\/2017\/06\/Onlinehandel.jpg","contentUrl":"https:\/\/www.swiss-retail.ch\/wp-content\/uploads\/2017\/06\/Onlinehandel.jpg","width":660,"height":526},{"@type":"WebPage","@id":"https:\/\/www.swiss-retail.ch\/fr\/news-fr\/lordonnance-regissant-la-vente-par-correspondance-entrera-en-vigueur-le-1er-janvier-2019\/#webpage","url":"https:\/\/www.swiss-retail.ch\/fr\/news-fr\/lordonnance-regissant-la-vente-par-correspondance-entrera-en-vigueur-le-1er-janvier-2019\/","name":"L'ordonnance r\u00e9gissant la vente par correspondance entrera en vigueur le 1er janvier 2019 -","isPartOf":{"@id":"https:\/\/www.swiss-retail.ch\/#website"},"primaryImageOfPage":{"@id":"https:\/\/www.swiss-retail.ch\/fr\/news-fr\/lordonnance-regissant-la-vente-par-correspondance-entrera-en-vigueur-le-1er-janvier-2019\/#primaryimage"},"datePublished":"2018-08-16T12:11:33+00:00","dateModified":"2018-08-16T12:11:33+00:00","author":{"@id":"https:\/\/www.swiss-retail.ch\/#\/schema\/person\/2d56f4201fb0be31cc400171a2615b34"},"breadcrumb":{"@id":"https:\/\/www.swiss-retail.ch\/fr\/news-fr\/lordonnance-regissant-la-vente-par-correspondance-entrera-en-vigueur-le-1er-janvier-2019\/#breadcrumb"},"inLanguage":"fr-FR","potentialAction":[{"@type":"ReadAction","target":["https:\/\/www.swiss-retail.ch\/fr\/news-fr\/lordonnance-regissant-la-vente-par-correspondance-entrera-en-vigueur-le-1er-janvier-2019\/"]}]},{"@type":"BreadcrumbList","@id":"https:\/\/www.swiss-retail.ch\/fr\/news-fr\/lordonnance-regissant-la-vente-par-correspondance-entrera-en-vigueur-le-1er-janvier-2019\/#breadcrumb","itemListElement":[{"@type":"ListItem","position":1,"name":"Startseite","item":"https:\/\/www.swiss-retail.ch\/fr\/homepage\/"},{"@type":"ListItem","position":2,"name":"L&rsquo;ordonnance r\u00e9gissant la vente par correspondance entrera en vigueur le 1er janvier 2019"}]},{"@type":"Person","@id":"https:\/\/www.swiss-retail.ch\/#\/schema\/person\/2d56f4201fb0be31cc400171a2615b34","name":"Claudio Looser","url":"https:\/\/www.swiss-retail.ch\/fr\/author\/claudiolooser\/"}]}},"_links":{"self":[{"href":"https:\/\/www.swiss-retail.ch\/fr\/wp-json\/wp\/v2\/posts\/6703"}],"collection":[{"href":"https:\/\/www.swiss-retail.ch\/fr\/wp-json\/wp\/v2\/posts"}],"about":[{"href":"https:\/\/www.swiss-retail.ch\/fr\/wp-json\/wp\/v2\/types\/post"}],"author":[{"embeddable":true,"href":"https:\/\/www.swiss-retail.ch\/fr\/wp-json\/wp\/v2\/users\/7"}],"replies":[{"embeddable":true,"href":"https:\/\/www.swiss-retail.ch\/fr\/wp-json\/wp\/v2\/comments?post=6703"}],"version-history":[{"count":2,"href":"https:\/\/www.swiss-retail.ch\/fr\/wp-json\/wp\/v2\/posts\/6703\/revisions"}],"predecessor-version":[{"id":6705,"href":"https:\/\/www.swiss-retail.ch\/fr\/wp-json\/wp\/v2\/posts\/6703\/revisions\/6705"}],"wp:featuredmedia":[{"embeddable":true,"href":"https:\/\/www.swiss-retail.ch\/fr\/wp-json\/wp\/v2\/media\/5658"}],"wp:attachment":[{"href":"https:\/\/www.swiss-retail.ch\/fr\/wp-json\/wp\/v2\/media?parent=6703"}],"wp:term":[{"taxonomy":"category","embeddable":true,"href":"https:\/\/www.swiss-retail.ch\/fr\/wp-json\/wp\/v2\/categories?post=6703"},{"taxonomy":"post_tag","embeddable":true,"href":"https:\/\/www.swiss-retail.ch\/fr\/wp-json\/wp\/v2\/tags?post=6703"}],"curies":[{"name":"wp","href":"https:\/\/api.w.org\/{rel}","templated":true}]}}