{"id":6749,"date":"2018-08-23T10:09:46","date_gmt":"2018-08-23T08:09:46","guid":{"rendered":"http:\/\/www.swiss-retail.ch\/?p=6749"},"modified":"2018-08-23T10:09:46","modified_gmt":"2018-08-23T08:09:46","slug":"contre-projet-indirect-a-linitiative-pour-des-prix-equitables-ouverture-de-la-consultation","status":"publish","type":"post","link":"https:\/\/www.swiss-retail.ch\/fr\/news-fr\/contre-projet-indirect-a-linitiative-pour-des-prix-equitables-ouverture-de-la-consultation\/","title":{"rendered":"Contre-projet indirect \u00e0 l\u2019initiative pour des prix \u00e9quitables: ouverture de la consultation"},"content":{"rendered":"<div class=\"flex_column av_one_full  flex_column_div av-zero-column-padding first  avia-builder-el-0  avia-builder-el-no-sibling  \" style='border-radius:0px; '><p><div  style='height:50px' class='hr hr-invisible   avia-builder-el-1  el_before_av_textblock  avia-builder-el-first '><span class='hr-inner ' ><span class='hr-inner-style'><\/span><\/span><\/div><br \/>\n<section class=\"av_textblock_section \"  itemscope=\"itemscope\" itemtype=\"https:\/\/schema.org\/BlogPosting\" itemprop=\"blogPost\" ><div class='avia_textblock  '   itemprop=\"text\" ><h2 style=\"text-align: center;\">Contre-projet indirect \u00e0 l\u2019initiative pour des prix \u00e9quitables: ouverture de la consultation<\/h2>\n<\/div><\/section><br \/>\n<div   class='hr hr-short hr-center   avia-builder-el-3  el_after_av_textblock  el_before_av_textblock '><span class='hr-inner ' ><span class='hr-inner-style'><\/span><\/span><\/div><br \/>\n<section class=\"av_textblock_section \"  itemscope=\"itemscope\" itemtype=\"https:\/\/schema.org\/BlogPosting\" itemprop=\"blogPost\" ><div class='avia_textblock  '   itemprop=\"text\" ><p>Le 22 ao\u00fbt 2018, le Conseil f\u00e9d\u00e9ral a ouvert la proc\u00e9dure de consultation sur le contre-projet indirect \u00e0 l\u2019initiative populaire \u00abStop \u00e0 l\u2019\u00eelot de chert\u00e9 \u2013 pour des prix \u00e9quitables (initiative pour des prix \u00e9quitables)\u00bb. Il propose une adaptation de la loi sur les cartels (LCart); dans certaines circonstances, les entreprises suisses et \u00e9trang\u00e8res ayant un pouvoir de march\u00e9 relatif pourraient \u00eatre oblig\u00e9es de fournir des entreprises en Suisse \u00e9galement par des canaux de distribution \u00e0 l\u2019\u00e9tranger, ce qui rejoint l\u2019objectif principal de l\u2019initiative.<\/p>\n<p>Informations suppl\u00e9mentaires:<\/p>\n<ul>\n<li><a href=\"https:\/\/www.admin.ch\/gov\/fr\/accueil\/documentation\/communiques.msg-id-71892.html\" target=\"_blank\" rel=\"noopener\">Communiqu\u00e9 du Conseil f\u00e9d\u00e9ral<\/a><\/li>\n<li><a href=\"https:\/\/www.newsd.admin.ch\/newsd\/message\/attachments\/53352.pdf\" target=\"_blank\" rel=\"noopener\">Rapport explicatif<\/a><\/li>\n<li><a href=\"https:\/\/www.newsd.admin.ch\/newsd\/message\/attachments\/53357.pdf\" target=\"_blank\" rel=\"noopener\">Contre-projet indirect<\/a><\/li>\n<\/ul>\n<\/div><\/section><\/p><\/div>\n","protected":false},"excerpt":{"rendered":"","protected":false},"author":7,"featured_media":6744,"comment_status":"closed","ping_status":"closed","sticky":false,"template":"","format":"standard","meta":[],"categories":[64],"tags":[],"yoast_head":"<!-- This site is optimized with the Yoast SEO plugin v18.5.1 - https:\/\/yoast.com\/wordpress\/plugins\/seo\/ -->\n<title>Contre-projet indirect \u00e0 l\u2019initiative pour des prix \u00e9quitables: ouverture de la consultation -<\/title>\n<meta name=\"robots\" content=\"index, follow, max-snippet:-1, max-image-preview:large, max-video-preview:-1\" \/>\n<link rel=\"canonical\" href=\"https:\/\/www.swiss-retail.ch\/fr\/news-fr\/contre-projet-indirect-a-linitiative-pour-des-prix-equitables-ouverture-de-la-consultation\/\" \/>\n<meta property=\"og:locale\" content=\"fr_FR\" \/>\n<meta property=\"og:type\" content=\"article\" \/>\n<meta property=\"og:title\" content=\"Contre-projet indirect \u00e0 l\u2019initiative pour des prix \u00e9quitables: ouverture de la consultation -\" \/>\n<meta property=\"og:url\" content=\"https:\/\/www.swiss-retail.ch\/fr\/news-fr\/contre-projet-indirect-a-linitiative-pour-des-prix-equitables-ouverture-de-la-consultation\/\" \/>\n<meta property=\"article:published_time\" content=\"2018-08-23T08:09:46+00:00\" \/>\n<meta property=\"og:image\" content=\"https:\/\/www.swiss-retail.ch\/wp-content\/uploads\/2018\/08\/Preisinsel.jpg\" \/>\n\t<meta property=\"og:image:width\" content=\"660\" \/>\n\t<meta property=\"og:image:height\" content=\"526\" \/>\n\t<meta property=\"og:image:type\" content=\"image\/jpeg\" \/>\n<meta name=\"twitter:card\" content=\"summary_large_image\" \/>\n<meta name=\"twitter:label1\" content=\"\u00c9crit par\" \/>\n\t<meta name=\"twitter:data1\" content=\"Claudio Looser\" \/>\n\t<meta name=\"twitter:label2\" content=\"Dur\u00e9e de lecture estim\u00e9e\" \/>\n\t<meta name=\"twitter:data2\" content=\"1 minute\" \/>\n<script type=\"application\/ld+json\" class=\"yoast-schema-graph\">{\"@context\":\"https:\/\/schema.org\",\"@graph\":[{\"@type\":\"WebSite\",\"@id\":\"https:\/\/www.swiss-retail.ch\/#website\",\"url\":\"https:\/\/www.swiss-retail.ch\/\",\"name\":\"\",\"description\":\"Verband der Mittel- und Grossbetriebe des schweizerischen Detailhandels\",\"potentialAction\":[{\"@type\":\"SearchAction\",\"target\":{\"@type\":\"EntryPoint\",\"urlTemplate\":\"https:\/\/www.swiss-retail.ch\/?s={search_term_string}\"},\"query-input\":\"required name=search_term_string\"}],\"inLanguage\":\"fr-FR\"},{\"@type\":\"ImageObject\",\"@id\":\"https:\/\/www.swiss-retail.ch\/fr\/news-fr\/contre-projet-indirect-a-linitiative-pour-des-prix-equitables-ouverture-de-la-consultation\/#primaryimage\",\"inLanguage\":\"fr-FR\",\"url\":\"https:\/\/www.swiss-retail.ch\/wp-content\/uploads\/2018\/08\/Preisinsel.jpg\",\"contentUrl\":\"https:\/\/www.swiss-retail.ch\/wp-content\/uploads\/2018\/08\/Preisinsel.jpg\",\"width\":660,\"height\":526},{\"@type\":\"WebPage\",\"@id\":\"https:\/\/www.swiss-retail.ch\/fr\/news-fr\/contre-projet-indirect-a-linitiative-pour-des-prix-equitables-ouverture-de-la-consultation\/#webpage\",\"url\":\"https:\/\/www.swiss-retail.ch\/fr\/news-fr\/contre-projet-indirect-a-linitiative-pour-des-prix-equitables-ouverture-de-la-consultation\/\",\"name\":\"Contre-projet indirect \u00e0 l\u2019initiative pour des prix \u00e9quitables: ouverture de la consultation -\",\"isPartOf\":{\"@id\":\"https:\/\/www.swiss-retail.ch\/#website\"},\"primaryImageOfPage\":{\"@id\":\"https:\/\/www.swiss-retail.ch\/fr\/news-fr\/contre-projet-indirect-a-linitiative-pour-des-prix-equitables-ouverture-de-la-consultation\/#primaryimage\"},\"datePublished\":\"2018-08-23T08:09:46+00:00\",\"dateModified\":\"2018-08-23T08:09:46+00:00\",\"author\":{\"@id\":\"https:\/\/www.swiss-retail.ch\/#\/schema\/person\/2d56f4201fb0be31cc400171a2615b34\"},\"breadcrumb\":{\"@id\":\"https:\/\/www.swiss-retail.ch\/fr\/news-fr\/contre-projet-indirect-a-linitiative-pour-des-prix-equitables-ouverture-de-la-consultation\/#breadcrumb\"},\"inLanguage\":\"fr-FR\",\"potentialAction\":[{\"@type\":\"ReadAction\",\"target\":[\"https:\/\/www.swiss-retail.ch\/fr\/news-fr\/contre-projet-indirect-a-linitiative-pour-des-prix-equitables-ouverture-de-la-consultation\/\"]}]},{\"@type\":\"BreadcrumbList\",\"@id\":\"https:\/\/www.swiss-retail.ch\/fr\/news-fr\/contre-projet-indirect-a-linitiative-pour-des-prix-equitables-ouverture-de-la-consultation\/#breadcrumb\",\"itemListElement\":[{\"@type\":\"ListItem\",\"position\":1,\"name\":\"Startseite\",\"item\":\"https:\/\/www.swiss-retail.ch\/fr\/homepage\/\"},{\"@type\":\"ListItem\",\"position\":2,\"name\":\"Contre-projet indirect \u00e0 l\u2019initiative pour des prix \u00e9quitables: ouverture de la consultation\"}]},{\"@type\":\"Person\",\"@id\":\"https:\/\/www.swiss-retail.ch\/#\/schema\/person\/2d56f4201fb0be31cc400171a2615b34\",\"name\":\"Claudio Looser\",\"url\":\"https:\/\/www.swiss-retail.ch\/fr\/author\/claudiolooser\/\"}]}<\/script>\n<!-- \/ Yoast SEO plugin. -->","yoast_head_json":{"title":"Contre-projet indirect \u00e0 l\u2019initiative pour des prix \u00e9quitables: ouverture de la consultation -","robots":{"index":"index","follow":"follow","max-snippet":"max-snippet:-1","max-image-preview":"max-image-preview:large","max-video-preview":"max-video-preview:-1"},"canonical":"https:\/\/www.swiss-retail.ch\/fr\/news-fr\/contre-projet-indirect-a-linitiative-pour-des-prix-equitables-ouverture-de-la-consultation\/","og_locale":"fr_FR","og_type":"article","og_title":"Contre-projet indirect \u00e0 l\u2019initiative pour des prix \u00e9quitables: ouverture de la consultation -","og_url":"https:\/\/www.swiss-retail.ch\/fr\/news-fr\/contre-projet-indirect-a-linitiative-pour-des-prix-equitables-ouverture-de-la-consultation\/","article_published_time":"2018-08-23T08:09:46+00:00","og_image":[{"width":660,"height":526,"url":"https:\/\/www.swiss-retail.ch\/wp-content\/uploads\/2018\/08\/Preisinsel.jpg","type":"image\/jpeg"}],"twitter_card":"summary_large_image","twitter_misc":{"\u00c9crit par":"Claudio Looser","Dur\u00e9e de lecture estim\u00e9e":"1 minute"},"schema":{"@context":"https:\/\/schema.org","@graph":[{"@type":"WebSite","@id":"https:\/\/www.swiss-retail.ch\/#website","url":"https:\/\/www.swiss-retail.ch\/","name":"","description":"Verband der Mittel- und Grossbetriebe des schweizerischen Detailhandels","potentialAction":[{"@type":"SearchAction","target":{"@type":"EntryPoint","urlTemplate":"https:\/\/www.swiss-retail.ch\/?s={search_term_string}"},"query-input":"required name=search_term_string"}],"inLanguage":"fr-FR"},{"@type":"ImageObject","@id":"https:\/\/www.swiss-retail.ch\/fr\/news-fr\/contre-projet-indirect-a-linitiative-pour-des-prix-equitables-ouverture-de-la-consultation\/#primaryimage","inLanguage":"fr-FR","url":"https:\/\/www.swiss-retail.ch\/wp-content\/uploads\/2018\/08\/Preisinsel.jpg","contentUrl":"https:\/\/www.swiss-retail.ch\/wp-content\/uploads\/2018\/08\/Preisinsel.jpg","width":660,"height":526},{"@type":"WebPage","@id":"https:\/\/www.swiss-retail.ch\/fr\/news-fr\/contre-projet-indirect-a-linitiative-pour-des-prix-equitables-ouverture-de-la-consultation\/#webpage","url":"https:\/\/www.swiss-retail.ch\/fr\/news-fr\/contre-projet-indirect-a-linitiative-pour-des-prix-equitables-ouverture-de-la-consultation\/","name":"Contre-projet indirect \u00e0 l\u2019initiative pour des prix \u00e9quitables: ouverture de la consultation -","isPartOf":{"@id":"https:\/\/www.swiss-retail.ch\/#website"},"primaryImageOfPage":{"@id":"https:\/\/www.swiss-retail.ch\/fr\/news-fr\/contre-projet-indirect-a-linitiative-pour-des-prix-equitables-ouverture-de-la-consultation\/#primaryimage"},"datePublished":"2018-08-23T08:09:46+00:00","dateModified":"2018-08-23T08:09:46+00:00","author":{"@id":"https:\/\/www.swiss-retail.ch\/#\/schema\/person\/2d56f4201fb0be31cc400171a2615b34"},"breadcrumb":{"@id":"https:\/\/www.swiss-retail.ch\/fr\/news-fr\/contre-projet-indirect-a-linitiative-pour-des-prix-equitables-ouverture-de-la-consultation\/#breadcrumb"},"inLanguage":"fr-FR","potentialAction":[{"@type":"ReadAction","target":["https:\/\/www.swiss-retail.ch\/fr\/news-fr\/contre-projet-indirect-a-linitiative-pour-des-prix-equitables-ouverture-de-la-consultation\/"]}]},{"@type":"BreadcrumbList","@id":"https:\/\/www.swiss-retail.ch\/fr\/news-fr\/contre-projet-indirect-a-linitiative-pour-des-prix-equitables-ouverture-de-la-consultation\/#breadcrumb","itemListElement":[{"@type":"ListItem","position":1,"name":"Startseite","item":"https:\/\/www.swiss-retail.ch\/fr\/homepage\/"},{"@type":"ListItem","position":2,"name":"Contre-projet indirect \u00e0 l\u2019initiative pour des prix \u00e9quitables: ouverture de la consultation"}]},{"@type":"Person","@id":"https:\/\/www.swiss-retail.ch\/#\/schema\/person\/2d56f4201fb0be31cc400171a2615b34","name":"Claudio Looser","url":"https:\/\/www.swiss-retail.ch\/fr\/author\/claudiolooser\/"}]}},"_links":{"self":[{"href":"https:\/\/www.swiss-retail.ch\/fr\/wp-json\/wp\/v2\/posts\/6749"}],"collection":[{"href":"https:\/\/www.swiss-retail.ch\/fr\/wp-json\/wp\/v2\/posts"}],"about":[{"href":"https:\/\/www.swiss-retail.ch\/fr\/wp-json\/wp\/v2\/types\/post"}],"author":[{"embeddable":true,"href":"https:\/\/www.swiss-retail.ch\/fr\/wp-json\/wp\/v2\/users\/7"}],"replies":[{"embeddable":true,"href":"https:\/\/www.swiss-retail.ch\/fr\/wp-json\/wp\/v2\/comments?post=6749"}],"version-history":[{"count":3,"href":"https:\/\/www.swiss-retail.ch\/fr\/wp-json\/wp\/v2\/posts\/6749\/revisions"}],"predecessor-version":[{"id":6752,"href":"https:\/\/www.swiss-retail.ch\/fr\/wp-json\/wp\/v2\/posts\/6749\/revisions\/6752"}],"wp:featuredmedia":[{"embeddable":true,"href":"https:\/\/www.swiss-retail.ch\/fr\/wp-json\/wp\/v2\/media\/6744"}],"wp:attachment":[{"href":"https:\/\/www.swiss-retail.ch\/fr\/wp-json\/wp\/v2\/media?parent=6749"}],"wp:term":[{"taxonomy":"category","embeddable":true,"href":"https:\/\/www.swiss-retail.ch\/fr\/wp-json\/wp\/v2\/categories?post=6749"},{"taxonomy":"post_tag","embeddable":true,"href":"https:\/\/www.swiss-retail.ch\/fr\/wp-json\/wp\/v2\/tags?post=6749"}],"curies":[{"name":"wp","href":"https:\/\/api.w.org\/{rel}","templated":true}]}}