{"id":6773,"date":"2018-08-30T09:00:18","date_gmt":"2018-08-30T07:00:18","guid":{"rendered":"http:\/\/www.swiss-retail.ch\/?p=6773"},"modified":"2018-08-30T09:18:03","modified_gmt":"2018-08-30T07:18:03","slug":"les-initiatives-agricoles-menacent-lemploi-dans-le-commerce-de-detail","status":"publish","type":"post","link":"https:\/\/www.swiss-retail.ch\/fr\/news-fr\/les-initiatives-agricoles-menacent-lemploi-dans-le-commerce-de-detail\/","title":{"rendered":"Les initiatives agricoles menacent l&#8217;emploi dans le commerce de d\u00e9tail"},"content":{"rendered":"<div class=\"flex_column av_one_full  flex_column_div av-zero-column-padding first  avia-builder-el-0  avia-builder-el-no-sibling  \" style='border-radius:0px; '><p><div  style='height:50px' class='hr hr-invisible   avia-builder-el-1  el_before_av_textblock  avia-builder-el-first '><span class='hr-inner ' ><span class='hr-inner-style'><\/span><\/span><\/div><br \/>\n<section class=\"av_textblock_section \"  itemscope=\"itemscope\" itemtype=\"https:\/\/schema.org\/BlogPosting\" itemprop=\"blogPost\" ><div class='avia_textblock  '   itemprop=\"text\" ><h2 style=\"text-align: center;\">Les initiatives agricoles menacent l&#8217;emploi dans le commerce de d\u00e9tail<\/h2>\n<\/div><\/section><br \/>\n<div   class='hr hr-short hr-center   avia-builder-el-3  el_after_av_textblock  el_before_av_textblock '><span class='hr-inner ' ><span class='hr-inner-style'><\/span><\/span><\/div><br \/>\n<section class=\"av_textblock_section \"  itemscope=\"itemscope\" itemtype=\"https:\/\/schema.org\/BlogPosting\" itemprop=\"blogPost\" ><div class='avia_textblock  '   itemprop=\"text\" ><p><em>Les associations suisses du commerce de d\u00e9tail Swiss Retail et VELEDES recommandent aux citoyennes et aux citoyens de rejeter les deux initiatives agricoles soumises au vote le 23 septembre 2018. Ces textes annoncent une forte progression de d\u00e9penses pour les consommateurs et les contribuables, un appauvrissement de l&rsquo;offre et la perte d&#8217;emplois dans le commerce de d\u00e9tail.<\/em><\/p>\n<p>Le 23 septembre, les Suisses sont appel\u00e9s \u00e0 se prononcer sur les deux initiatives populaires \u00ab\u00a0pour une alimentation \u00e9quitable\u00a0\u00bb et \u00ab\u00a0pour la souverainet\u00e9 alimentaire\u00a0\u00bb. L&rsquo;une et l&rsquo;autre posent des exigences en mati\u00e8re de production alimentaire et r\u00e9clament une augmentation des droits de douane ainsi que des restrictions ou des interdictions \u00e0 l&rsquo;importation, autant de mesures qui rendraient les achats alimentaires plus co\u00fbteux et compliqueraient la vie des consommateurs. Le syst\u00e8me de contr\u00f4le n\u00e9cessaire \u00e0 leur mise en \u0153uvre, ainsi que les subventions suppl\u00e9mentaires propos\u00e9es, auraient aussi, bien s\u00fbr, une incidence sur les budgets publics et devraient \u00eatre financ\u00e9s par l&rsquo;imp\u00f4t.<\/p>\n<p><strong>Le commerce de d\u00e9tail offre et pr\u00f4ne la libert\u00e9 de choix<\/strong><br \/>\nCertains produits dispara\u00eetraient compl\u00e8tement, r\u00e9duisant la diversit\u00e9 de l&rsquo;offre. Le commerce de d\u00e9tail oppose \u00e0 cela la libert\u00e9 de choix : les consommateurs suisses sont m\u00fbrs et peuvent d\u00e9cider par eux-m\u00eames, dans le cadre juridique actuel, ce qu&rsquo;ils veulent voir dans leurs assiettes et o\u00f9 ils veulent acheter leurs aliments. Au demeurant, la Suisse dispose d\u00e9j\u00e0 d&rsquo;une r\u00e9glementation tr\u00e8s stricte en mati\u00e8re de protection de la vie humaine, des animaux et de l&rsquo;environnement. De plus, il existe sur une base volontaire de nombreux labels de produits fond\u00e9s sur les donn\u00e9es du march\u00e9 qui permettent d\u00e9j\u00e0 de s&rsquo;orienter dans la grande diversit\u00e9 de l&rsquo;offre.<\/p>\n<p><strong>Forte progression en vue du tourisme d&rsquo;achat<\/strong><br \/>\nLes segments de la population suisse qui ne peuvent pas se permettre ou refusent de payer des prix plus \u00e9lev\u00e9s et qui ne trouveraient plus en Suisse leurs produits habituels iraient s&rsquo;approvisionner \u00e0 l&rsquo;\u00e9tranger. Le renforcement du tourisme d&rsquo;achat aurait de graves r\u00e9percussions sur le commerce de d\u00e9tail suisse. Des emplois et des parts de cr\u00e9ation de valeur dispara\u00eetraient \u00e0 l&rsquo;\u00e9tranger. Les principales victimes des deux initiatives populaires seraient les employ\u00e9s. Le commerce de d\u00e9tail est en effet le plus gros employeur du secteur priv\u00e9, o\u00f9 il donne du travail \u00e0 environ 325 000 personnes, soit 6,5 % de la population active. On y trouve aussi une place d&rsquo;apprentissage sur huit et un poste \u00e0 temps partiel sur neuf. La branche fournit ainsi une contribution importante \u00e0 l&rsquo;int\u00e9gration, pour le bien de la soci\u00e9t\u00e9 toute enti\u00e8re.<\/p>\n<p>Les associations suisses du commerce de d\u00e9tail Swiss Retail et VELEDES recommandent aux citoyennes et aux citoyens de rejeter sans h\u00e9siter les propositions visant \u00e0 introduire dans la Constitution des r\u00e9glementations \u00e9cologiques et sociales destin\u00e9es \u00e0 promouvoir la petite agriculture au d\u00e9triment de l&#8217;emploi dans le commerce de d\u00e9tail suisse.<\/p>\n<p>Plus d&rsquo;information sous:<\/p>\n<ul>\n<li><a href=\"http:\/\/www.swiss-retail.ch\/wp-content\/uploads\/2017\/07\/swiss_retail_position_fair_foodFR.pdf\" target=\"_blank\" rel=\"noopener\">Papier de position sur l&rsquo;initiative pour une alimentation \u00e9quitable<\/a><\/li>\n<li><a href=\"http:\/\/www.swiss-retail.ch\/wp-content\/uploads\/2017\/07\/swiss_retail_position_ernaehrungssouver\u00e4nit\u00e4tFR.pdf\" target=\"_blank\" rel=\"noopener\">Papier de position sur l&rsquo;initiative sur la souverainet\u00e9 alimentaire<\/a><\/li>\n<li>Site web: <a href=\"http:\/\/www.initiatives-agricoles-non.ch\" target=\"_blank\" rel=\"noopener\">www.initiatives-agricoles-non.ch<\/a><\/li>\n<\/ul>\n<\/div><\/section><\/p><\/div>\n","protected":false},"excerpt":{"rendered":"","protected":false},"author":7,"featured_media":6771,"comment_status":"closed","ping_status":"closed","sticky":false,"template":"","format":"standard","meta":[],"categories":[69,64],"tags":[],"yoast_head":"<!-- This site is optimized with the Yoast SEO plugin v18.5.1 - https:\/\/yoast.com\/wordpress\/plugins\/seo\/ -->\n<title>Les initiatives agricoles menacent l&#039;emploi dans le commerce de d\u00e9tail -<\/title>\n<meta name=\"robots\" content=\"index, follow, max-snippet:-1, max-image-preview:large, max-video-preview:-1\" \/>\n<link rel=\"canonical\" href=\"https:\/\/www.swiss-retail.ch\/fr\/news-fr\/les-initiatives-agricoles-menacent-lemploi-dans-le-commerce-de-detail\/\" \/>\n<meta property=\"og:locale\" content=\"fr_FR\" \/>\n<meta property=\"og:type\" content=\"article\" \/>\n<meta property=\"og:title\" content=\"Les initiatives agricoles menacent l&#039;emploi dans le commerce de d\u00e9tail -\" \/>\n<meta property=\"og:url\" content=\"https:\/\/www.swiss-retail.ch\/fr\/news-fr\/les-initiatives-agricoles-menacent-lemploi-dans-le-commerce-de-detail\/\" \/>\n<meta property=\"article:published_time\" content=\"2018-08-30T07:00:18+00:00\" \/>\n<meta property=\"article:modified_time\" content=\"2018-08-30T07:18:03+00:00\" \/>\n<meta property=\"og:image\" content=\"https:\/\/www.swiss-retail.ch\/wp-content\/uploads\/2018\/08\/Agrarinitiativen.jpg\" \/>\n\t<meta property=\"og:image:width\" content=\"660\" \/>\n\t<meta property=\"og:image:height\" content=\"526\" \/>\n\t<meta property=\"og:image:type\" content=\"image\/jpeg\" \/>\n<meta name=\"twitter:card\" content=\"summary_large_image\" \/>\n<meta name=\"twitter:label1\" content=\"\u00c9crit par\" \/>\n\t<meta name=\"twitter:data1\" content=\"Claudio Looser\" \/>\n\t<meta name=\"twitter:label2\" content=\"Dur\u00e9e de lecture estim\u00e9e\" \/>\n\t<meta name=\"twitter:data2\" content=\"3 minutes\" \/>\n<script type=\"application\/ld+json\" class=\"yoast-schema-graph\">{\"@context\":\"https:\/\/schema.org\",\"@graph\":[{\"@type\":\"WebSite\",\"@id\":\"https:\/\/www.swiss-retail.ch\/#website\",\"url\":\"https:\/\/www.swiss-retail.ch\/\",\"name\":\"\",\"description\":\"Verband der Mittel- und Grossbetriebe des schweizerischen Detailhandels\",\"potentialAction\":[{\"@type\":\"SearchAction\",\"target\":{\"@type\":\"EntryPoint\",\"urlTemplate\":\"https:\/\/www.swiss-retail.ch\/?s={search_term_string}\"},\"query-input\":\"required name=search_term_string\"}],\"inLanguage\":\"fr-FR\"},{\"@type\":\"ImageObject\",\"@id\":\"https:\/\/www.swiss-retail.ch\/fr\/news-fr\/les-initiatives-agricoles-menacent-lemploi-dans-le-commerce-de-detail\/#primaryimage\",\"inLanguage\":\"fr-FR\",\"url\":\"https:\/\/www.swiss-retail.ch\/wp-content\/uploads\/2018\/08\/Agrarinitiativen.jpg\",\"contentUrl\":\"https:\/\/www.swiss-retail.ch\/wp-content\/uploads\/2018\/08\/Agrarinitiativen.jpg\",\"width\":660,\"height\":526},{\"@type\":\"WebPage\",\"@id\":\"https:\/\/www.swiss-retail.ch\/fr\/news-fr\/les-initiatives-agricoles-menacent-lemploi-dans-le-commerce-de-detail\/#webpage\",\"url\":\"https:\/\/www.swiss-retail.ch\/fr\/news-fr\/les-initiatives-agricoles-menacent-lemploi-dans-le-commerce-de-detail\/\",\"name\":\"Les initiatives agricoles menacent l'emploi dans le commerce de d\u00e9tail -\",\"isPartOf\":{\"@id\":\"https:\/\/www.swiss-retail.ch\/#website\"},\"primaryImageOfPage\":{\"@id\":\"https:\/\/www.swiss-retail.ch\/fr\/news-fr\/les-initiatives-agricoles-menacent-lemploi-dans-le-commerce-de-detail\/#primaryimage\"},\"datePublished\":\"2018-08-30T07:00:18+00:00\",\"dateModified\":\"2018-08-30T07:18:03+00:00\",\"author\":{\"@id\":\"https:\/\/www.swiss-retail.ch\/#\/schema\/person\/2d56f4201fb0be31cc400171a2615b34\"},\"breadcrumb\":{\"@id\":\"https:\/\/www.swiss-retail.ch\/fr\/news-fr\/les-initiatives-agricoles-menacent-lemploi-dans-le-commerce-de-detail\/#breadcrumb\"},\"inLanguage\":\"fr-FR\",\"potentialAction\":[{\"@type\":\"ReadAction\",\"target\":[\"https:\/\/www.swiss-retail.ch\/fr\/news-fr\/les-initiatives-agricoles-menacent-lemploi-dans-le-commerce-de-detail\/\"]}]},{\"@type\":\"BreadcrumbList\",\"@id\":\"https:\/\/www.swiss-retail.ch\/fr\/news-fr\/les-initiatives-agricoles-menacent-lemploi-dans-le-commerce-de-detail\/#breadcrumb\",\"itemListElement\":[{\"@type\":\"ListItem\",\"position\":1,\"name\":\"Startseite\",\"item\":\"https:\/\/www.swiss-retail.ch\/fr\/homepage\/\"},{\"@type\":\"ListItem\",\"position\":2,\"name\":\"Les initiatives agricoles menacent l&#8217;emploi dans le commerce de d\u00e9tail\"}]},{\"@type\":\"Person\",\"@id\":\"https:\/\/www.swiss-retail.ch\/#\/schema\/person\/2d56f4201fb0be31cc400171a2615b34\",\"name\":\"Claudio Looser\",\"url\":\"https:\/\/www.swiss-retail.ch\/fr\/author\/claudiolooser\/\"}]}<\/script>\n<!-- \/ Yoast SEO plugin. -->","yoast_head_json":{"title":"Les initiatives agricoles menacent l'emploi dans le commerce de d\u00e9tail -","robots":{"index":"index","follow":"follow","max-snippet":"max-snippet:-1","max-image-preview":"max-image-preview:large","max-video-preview":"max-video-preview:-1"},"canonical":"https:\/\/www.swiss-retail.ch\/fr\/news-fr\/les-initiatives-agricoles-menacent-lemploi-dans-le-commerce-de-detail\/","og_locale":"fr_FR","og_type":"article","og_title":"Les initiatives agricoles menacent l'emploi dans le commerce de d\u00e9tail -","og_url":"https:\/\/www.swiss-retail.ch\/fr\/news-fr\/les-initiatives-agricoles-menacent-lemploi-dans-le-commerce-de-detail\/","article_published_time":"2018-08-30T07:00:18+00:00","article_modified_time":"2018-08-30T07:18:03+00:00","og_image":[{"width":660,"height":526,"url":"https:\/\/www.swiss-retail.ch\/wp-content\/uploads\/2018\/08\/Agrarinitiativen.jpg","type":"image\/jpeg"}],"twitter_card":"summary_large_image","twitter_misc":{"\u00c9crit par":"Claudio Looser","Dur\u00e9e de lecture estim\u00e9e":"3 minutes"},"schema":{"@context":"https:\/\/schema.org","@graph":[{"@type":"WebSite","@id":"https:\/\/www.swiss-retail.ch\/#website","url":"https:\/\/www.swiss-retail.ch\/","name":"","description":"Verband der Mittel- und Grossbetriebe des schweizerischen Detailhandels","potentialAction":[{"@type":"SearchAction","target":{"@type":"EntryPoint","urlTemplate":"https:\/\/www.swiss-retail.ch\/?s={search_term_string}"},"query-input":"required name=search_term_string"}],"inLanguage":"fr-FR"},{"@type":"ImageObject","@id":"https:\/\/www.swiss-retail.ch\/fr\/news-fr\/les-initiatives-agricoles-menacent-lemploi-dans-le-commerce-de-detail\/#primaryimage","inLanguage":"fr-FR","url":"https:\/\/www.swiss-retail.ch\/wp-content\/uploads\/2018\/08\/Agrarinitiativen.jpg","contentUrl":"https:\/\/www.swiss-retail.ch\/wp-content\/uploads\/2018\/08\/Agrarinitiativen.jpg","width":660,"height":526},{"@type":"WebPage","@id":"https:\/\/www.swiss-retail.ch\/fr\/news-fr\/les-initiatives-agricoles-menacent-lemploi-dans-le-commerce-de-detail\/#webpage","url":"https:\/\/www.swiss-retail.ch\/fr\/news-fr\/les-initiatives-agricoles-menacent-lemploi-dans-le-commerce-de-detail\/","name":"Les initiatives agricoles menacent l'emploi dans le commerce de d\u00e9tail -","isPartOf":{"@id":"https:\/\/www.swiss-retail.ch\/#website"},"primaryImageOfPage":{"@id":"https:\/\/www.swiss-retail.ch\/fr\/news-fr\/les-initiatives-agricoles-menacent-lemploi-dans-le-commerce-de-detail\/#primaryimage"},"datePublished":"2018-08-30T07:00:18+00:00","dateModified":"2018-08-30T07:18:03+00:00","author":{"@id":"https:\/\/www.swiss-retail.ch\/#\/schema\/person\/2d56f4201fb0be31cc400171a2615b34"},"breadcrumb":{"@id":"https:\/\/www.swiss-retail.ch\/fr\/news-fr\/les-initiatives-agricoles-menacent-lemploi-dans-le-commerce-de-detail\/#breadcrumb"},"inLanguage":"fr-FR","potentialAction":[{"@type":"ReadAction","target":["https:\/\/www.swiss-retail.ch\/fr\/news-fr\/les-initiatives-agricoles-menacent-lemploi-dans-le-commerce-de-detail\/"]}]},{"@type":"BreadcrumbList","@id":"https:\/\/www.swiss-retail.ch\/fr\/news-fr\/les-initiatives-agricoles-menacent-lemploi-dans-le-commerce-de-detail\/#breadcrumb","itemListElement":[{"@type":"ListItem","position":1,"name":"Startseite","item":"https:\/\/www.swiss-retail.ch\/fr\/homepage\/"},{"@type":"ListItem","position":2,"name":"Les initiatives agricoles menacent l&#8217;emploi dans le commerce de d\u00e9tail"}]},{"@type":"Person","@id":"https:\/\/www.swiss-retail.ch\/#\/schema\/person\/2d56f4201fb0be31cc400171a2615b34","name":"Claudio Looser","url":"https:\/\/www.swiss-retail.ch\/fr\/author\/claudiolooser\/"}]}},"_links":{"self":[{"href":"https:\/\/www.swiss-retail.ch\/fr\/wp-json\/wp\/v2\/posts\/6773"}],"collection":[{"href":"https:\/\/www.swiss-retail.ch\/fr\/wp-json\/wp\/v2\/posts"}],"about":[{"href":"https:\/\/www.swiss-retail.ch\/fr\/wp-json\/wp\/v2\/types\/post"}],"author":[{"embeddable":true,"href":"https:\/\/www.swiss-retail.ch\/fr\/wp-json\/wp\/v2\/users\/7"}],"replies":[{"embeddable":true,"href":"https:\/\/www.swiss-retail.ch\/fr\/wp-json\/wp\/v2\/comments?post=6773"}],"version-history":[{"count":2,"href":"https:\/\/www.swiss-retail.ch\/fr\/wp-json\/wp\/v2\/posts\/6773\/revisions"}],"predecessor-version":[{"id":6775,"href":"https:\/\/www.swiss-retail.ch\/fr\/wp-json\/wp\/v2\/posts\/6773\/revisions\/6775"}],"wp:featuredmedia":[{"embeddable":true,"href":"https:\/\/www.swiss-retail.ch\/fr\/wp-json\/wp\/v2\/media\/6771"}],"wp:attachment":[{"href":"https:\/\/www.swiss-retail.ch\/fr\/wp-json\/wp\/v2\/media?parent=6773"}],"wp:term":[{"taxonomy":"category","embeddable":true,"href":"https:\/\/www.swiss-retail.ch\/fr\/wp-json\/wp\/v2\/categories?post=6773"},{"taxonomy":"post_tag","embeddable":true,"href":"https:\/\/www.swiss-retail.ch\/fr\/wp-json\/wp\/v2\/tags?post=6773"}],"curies":[{"name":"wp","href":"https:\/\/api.w.org\/{rel}","templated":true}]}}