{"id":7080,"date":"2019-01-17T13:55:25","date_gmt":"2019-01-17T12:55:25","guid":{"rendered":"https:\/\/www.swiss-retail.ch\/?p=7080"},"modified":"2019-01-17T16:15:54","modified_gmt":"2019-01-17T15:15:54","slug":"pratique-de-location-du-ils-empruntent-la-mauvaise-voie","status":"publish","type":"post","link":"https:\/\/www.swiss-retail.ch\/fr\/news-fr\/pratique-de-location-du-ils-empruntent-la-mauvaise-voie\/","title":{"rendered":"Pratique de location des CFF: la r\u00e9gie f\u00e9d\u00e9rale sur la mauvaise voie"},"content":{"rendered":"<div class=\"flex_column av_one_full  flex_column_div av-zero-column-padding first  avia-builder-el-0  avia-builder-el-no-sibling  \" style='border-radius:0px; '><p><div  style='height:50px' class='hr hr-invisible   avia-builder-el-1  el_before_av_textblock  avia-builder-el-first '><span class='hr-inner ' ><span class='hr-inner-style'><\/span><\/span><\/div><br \/>\n<section class=\"av_textblock_section \"  itemscope=\"itemscope\" itemtype=\"https:\/\/schema.org\/BlogPosting\" itemprop=\"blogPost\" ><div class='avia_textblock  '   itemprop=\"text\" ><h2 style=\"text-align: center;\">Pratique de location des CFF: la r\u00e9gie f\u00e9d\u00e9rale sur la mauvaise voie<\/h2>\n<\/div><\/section><br \/>\n<div   class='hr hr-short hr-center   avia-builder-el-3  el_after_av_textblock  el_before_av_textblock '><span class='hr-inner ' ><span class='hr-inner-style'><\/span><\/span><\/div><br \/>\n<section class=\"av_textblock_section \"  itemscope=\"itemscope\" itemtype=\"https:\/\/schema.org\/BlogPosting\" itemprop=\"blogPost\" ><div class='avia_textblock  '   itemprop=\"text\" ><p>Les loyers de d\u00e9tail dans les gares sont si \u00e9lev\u00e9s que le commerce de d\u00e9tail des PME n\u2019offre que peu de chances de trouver de bons emplacements. L\u2019industrie et la politique ne devraient plus tol\u00e9rer cela.\u00a0Dagmar Jenni, directrice de Swiss Retail, met le probl\u00e8me en lumi\u00e8re avec un article dans le journal des arts et m\u00e9tiers: <a href=\"https:\/\/www.swiss-retail.ch\/wp-content\/uploads\/2019\/01\/gewerbezeitung_20181214_sbb_fr.pdf\" target=\"_blank\" rel=\"noopener\">Article au format PDF<\/a>.<\/p>\n<\/div><\/section><\/p><\/div>\n","protected":false},"excerpt":{"rendered":"","protected":false},"author":7,"featured_media":7075,"comment_status":"closed","ping_status":"closed","sticky":false,"template":"","format":"standard","meta":[],"categories":[64,72],"tags":[],"yoast_head":"<!-- This site is optimized with the Yoast SEO plugin v18.5.1 - https:\/\/yoast.com\/wordpress\/plugins\/seo\/ -->\n<title>Pratique de location des CFF: la r\u00e9gie f\u00e9d\u00e9rale sur la mauvaise voie -<\/title>\n<meta name=\"robots\" content=\"index, follow, max-snippet:-1, max-image-preview:large, max-video-preview:-1\" \/>\n<link rel=\"canonical\" href=\"https:\/\/www.swiss-retail.ch\/fr\/news-fr\/pratique-de-location-du-ils-empruntent-la-mauvaise-voie\/\" \/>\n<meta property=\"og:locale\" content=\"fr_FR\" \/>\n<meta property=\"og:type\" content=\"article\" \/>\n<meta property=\"og:title\" content=\"Pratique de location des CFF: la r\u00e9gie f\u00e9d\u00e9rale sur la mauvaise voie -\" \/>\n<meta property=\"og:url\" content=\"https:\/\/www.swiss-retail.ch\/fr\/news-fr\/pratique-de-location-du-ils-empruntent-la-mauvaise-voie\/\" \/>\n<meta property=\"article:published_time\" content=\"2019-01-17T12:55:25+00:00\" \/>\n<meta property=\"article:modified_time\" content=\"2019-01-17T15:15:54+00:00\" \/>\n<meta property=\"og:image\" content=\"https:\/\/www.swiss-retail.ch\/wp-content\/uploads\/2019\/01\/SBB-Bahnhof_web.jpg\" \/>\n\t<meta property=\"og:image:width\" content=\"660\" \/>\n\t<meta property=\"og:image:height\" content=\"526\" \/>\n\t<meta property=\"og:image:type\" content=\"image\/jpeg\" \/>\n<meta name=\"twitter:card\" content=\"summary_large_image\" \/>\n<meta name=\"twitter:label1\" content=\"\u00c9crit par\" \/>\n\t<meta name=\"twitter:data1\" content=\"Claudio Looser\" \/>\n\t<meta name=\"twitter:label2\" content=\"Dur\u00e9e de lecture estim\u00e9e\" \/>\n\t<meta name=\"twitter:data2\" content=\"1 minute\" \/>\n<script type=\"application\/ld+json\" class=\"yoast-schema-graph\">{\"@context\":\"https:\/\/schema.org\",\"@graph\":[{\"@type\":\"WebSite\",\"@id\":\"https:\/\/www.swiss-retail.ch\/#website\",\"url\":\"https:\/\/www.swiss-retail.ch\/\",\"name\":\"\",\"description\":\"Verband der Mittel- und Grossbetriebe des schweizerischen Detailhandels\",\"potentialAction\":[{\"@type\":\"SearchAction\",\"target\":{\"@type\":\"EntryPoint\",\"urlTemplate\":\"https:\/\/www.swiss-retail.ch\/?s={search_term_string}\"},\"query-input\":\"required name=search_term_string\"}],\"inLanguage\":\"fr-FR\"},{\"@type\":\"ImageObject\",\"@id\":\"https:\/\/www.swiss-retail.ch\/fr\/news-fr\/pratique-de-location-du-ils-empruntent-la-mauvaise-voie\/#primaryimage\",\"inLanguage\":\"fr-FR\",\"url\":\"https:\/\/www.swiss-retail.ch\/wp-content\/uploads\/2019\/01\/SBB-Bahnhof_web.jpg\",\"contentUrl\":\"https:\/\/www.swiss-retail.ch\/wp-content\/uploads\/2019\/01\/SBB-Bahnhof_web.jpg\",\"width\":660,\"height\":526},{\"@type\":\"WebPage\",\"@id\":\"https:\/\/www.swiss-retail.ch\/fr\/news-fr\/pratique-de-location-du-ils-empruntent-la-mauvaise-voie\/#webpage\",\"url\":\"https:\/\/www.swiss-retail.ch\/fr\/news-fr\/pratique-de-location-du-ils-empruntent-la-mauvaise-voie\/\",\"name\":\"Pratique de location des CFF: la r\u00e9gie f\u00e9d\u00e9rale sur la mauvaise voie -\",\"isPartOf\":{\"@id\":\"https:\/\/www.swiss-retail.ch\/#website\"},\"primaryImageOfPage\":{\"@id\":\"https:\/\/www.swiss-retail.ch\/fr\/news-fr\/pratique-de-location-du-ils-empruntent-la-mauvaise-voie\/#primaryimage\"},\"datePublished\":\"2019-01-17T12:55:25+00:00\",\"dateModified\":\"2019-01-17T15:15:54+00:00\",\"author\":{\"@id\":\"https:\/\/www.swiss-retail.ch\/#\/schema\/person\/2d56f4201fb0be31cc400171a2615b34\"},\"breadcrumb\":{\"@id\":\"https:\/\/www.swiss-retail.ch\/fr\/news-fr\/pratique-de-location-du-ils-empruntent-la-mauvaise-voie\/#breadcrumb\"},\"inLanguage\":\"fr-FR\",\"potentialAction\":[{\"@type\":\"ReadAction\",\"target\":[\"https:\/\/www.swiss-retail.ch\/fr\/news-fr\/pratique-de-location-du-ils-empruntent-la-mauvaise-voie\/\"]}]},{\"@type\":\"BreadcrumbList\",\"@id\":\"https:\/\/www.swiss-retail.ch\/fr\/news-fr\/pratique-de-location-du-ils-empruntent-la-mauvaise-voie\/#breadcrumb\",\"itemListElement\":[{\"@type\":\"ListItem\",\"position\":1,\"name\":\"Startseite\",\"item\":\"https:\/\/www.swiss-retail.ch\/fr\/homepage\/\"},{\"@type\":\"ListItem\",\"position\":2,\"name\":\"Pratique de location des CFF: la r\u00e9gie f\u00e9d\u00e9rale sur la mauvaise voie\"}]},{\"@type\":\"Person\",\"@id\":\"https:\/\/www.swiss-retail.ch\/#\/schema\/person\/2d56f4201fb0be31cc400171a2615b34\",\"name\":\"Claudio Looser\",\"url\":\"https:\/\/www.swiss-retail.ch\/fr\/author\/claudiolooser\/\"}]}<\/script>\n<!-- \/ Yoast SEO plugin. -->","yoast_head_json":{"title":"Pratique de location des CFF: la r\u00e9gie f\u00e9d\u00e9rale sur la mauvaise voie -","robots":{"index":"index","follow":"follow","max-snippet":"max-snippet:-1","max-image-preview":"max-image-preview:large","max-video-preview":"max-video-preview:-1"},"canonical":"https:\/\/www.swiss-retail.ch\/fr\/news-fr\/pratique-de-location-du-ils-empruntent-la-mauvaise-voie\/","og_locale":"fr_FR","og_type":"article","og_title":"Pratique de location des CFF: la r\u00e9gie f\u00e9d\u00e9rale sur la mauvaise voie -","og_url":"https:\/\/www.swiss-retail.ch\/fr\/news-fr\/pratique-de-location-du-ils-empruntent-la-mauvaise-voie\/","article_published_time":"2019-01-17T12:55:25+00:00","article_modified_time":"2019-01-17T15:15:54+00:00","og_image":[{"width":660,"height":526,"url":"https:\/\/www.swiss-retail.ch\/wp-content\/uploads\/2019\/01\/SBB-Bahnhof_web.jpg","type":"image\/jpeg"}],"twitter_card":"summary_large_image","twitter_misc":{"\u00c9crit par":"Claudio Looser","Dur\u00e9e de lecture estim\u00e9e":"1 minute"},"schema":{"@context":"https:\/\/schema.org","@graph":[{"@type":"WebSite","@id":"https:\/\/www.swiss-retail.ch\/#website","url":"https:\/\/www.swiss-retail.ch\/","name":"","description":"Verband der Mittel- und Grossbetriebe des schweizerischen Detailhandels","potentialAction":[{"@type":"SearchAction","target":{"@type":"EntryPoint","urlTemplate":"https:\/\/www.swiss-retail.ch\/?s={search_term_string}"},"query-input":"required name=search_term_string"}],"inLanguage":"fr-FR"},{"@type":"ImageObject","@id":"https:\/\/www.swiss-retail.ch\/fr\/news-fr\/pratique-de-location-du-ils-empruntent-la-mauvaise-voie\/#primaryimage","inLanguage":"fr-FR","url":"https:\/\/www.swiss-retail.ch\/wp-content\/uploads\/2019\/01\/SBB-Bahnhof_web.jpg","contentUrl":"https:\/\/www.swiss-retail.ch\/wp-content\/uploads\/2019\/01\/SBB-Bahnhof_web.jpg","width":660,"height":526},{"@type":"WebPage","@id":"https:\/\/www.swiss-retail.ch\/fr\/news-fr\/pratique-de-location-du-ils-empruntent-la-mauvaise-voie\/#webpage","url":"https:\/\/www.swiss-retail.ch\/fr\/news-fr\/pratique-de-location-du-ils-empruntent-la-mauvaise-voie\/","name":"Pratique de location des CFF: la r\u00e9gie f\u00e9d\u00e9rale sur la mauvaise voie -","isPartOf":{"@id":"https:\/\/www.swiss-retail.ch\/#website"},"primaryImageOfPage":{"@id":"https:\/\/www.swiss-retail.ch\/fr\/news-fr\/pratique-de-location-du-ils-empruntent-la-mauvaise-voie\/#primaryimage"},"datePublished":"2019-01-17T12:55:25+00:00","dateModified":"2019-01-17T15:15:54+00:00","author":{"@id":"https:\/\/www.swiss-retail.ch\/#\/schema\/person\/2d56f4201fb0be31cc400171a2615b34"},"breadcrumb":{"@id":"https:\/\/www.swiss-retail.ch\/fr\/news-fr\/pratique-de-location-du-ils-empruntent-la-mauvaise-voie\/#breadcrumb"},"inLanguage":"fr-FR","potentialAction":[{"@type":"ReadAction","target":["https:\/\/www.swiss-retail.ch\/fr\/news-fr\/pratique-de-location-du-ils-empruntent-la-mauvaise-voie\/"]}]},{"@type":"BreadcrumbList","@id":"https:\/\/www.swiss-retail.ch\/fr\/news-fr\/pratique-de-location-du-ils-empruntent-la-mauvaise-voie\/#breadcrumb","itemListElement":[{"@type":"ListItem","position":1,"name":"Startseite","item":"https:\/\/www.swiss-retail.ch\/fr\/homepage\/"},{"@type":"ListItem","position":2,"name":"Pratique de location des CFF: la r\u00e9gie f\u00e9d\u00e9rale sur la mauvaise voie"}]},{"@type":"Person","@id":"https:\/\/www.swiss-retail.ch\/#\/schema\/person\/2d56f4201fb0be31cc400171a2615b34","name":"Claudio Looser","url":"https:\/\/www.swiss-retail.ch\/fr\/author\/claudiolooser\/"}]}},"_links":{"self":[{"href":"https:\/\/www.swiss-retail.ch\/fr\/wp-json\/wp\/v2\/posts\/7080"}],"collection":[{"href":"https:\/\/www.swiss-retail.ch\/fr\/wp-json\/wp\/v2\/posts"}],"about":[{"href":"https:\/\/www.swiss-retail.ch\/fr\/wp-json\/wp\/v2\/types\/post"}],"author":[{"embeddable":true,"href":"https:\/\/www.swiss-retail.ch\/fr\/wp-json\/wp\/v2\/users\/7"}],"replies":[{"embeddable":true,"href":"https:\/\/www.swiss-retail.ch\/fr\/wp-json\/wp\/v2\/comments?post=7080"}],"version-history":[{"count":5,"href":"https:\/\/www.swiss-retail.ch\/fr\/wp-json\/wp\/v2\/posts\/7080\/revisions"}],"predecessor-version":[{"id":7086,"href":"https:\/\/www.swiss-retail.ch\/fr\/wp-json\/wp\/v2\/posts\/7080\/revisions\/7086"}],"wp:featuredmedia":[{"embeddable":true,"href":"https:\/\/www.swiss-retail.ch\/fr\/wp-json\/wp\/v2\/media\/7075"}],"wp:attachment":[{"href":"https:\/\/www.swiss-retail.ch\/fr\/wp-json\/wp\/v2\/media?parent=7080"}],"wp:term":[{"taxonomy":"category","embeddable":true,"href":"https:\/\/www.swiss-retail.ch\/fr\/wp-json\/wp\/v2\/categories?post=7080"},{"taxonomy":"post_tag","embeddable":true,"href":"https:\/\/www.swiss-retail.ch\/fr\/wp-json\/wp\/v2\/tags?post=7080"}],"curies":[{"name":"wp","href":"https:\/\/api.w.org\/{rel}","templated":true}]}}