{"id":7107,"date":"2019-01-30T15:48:35","date_gmt":"2019-01-30T14:48:35","guid":{"rendered":"https:\/\/www.swiss-retail.ch\/?p=7107"},"modified":"2019-01-30T15:48:35","modified_gmt":"2019-01-30T14:48:35","slug":"nouveau-membre-lipo-einrichtungsmaerkte-ag","status":"publish","type":"post","link":"https:\/\/www.swiss-retail.ch\/fr\/news-fr\/nouveau-membre-lipo-einrichtungsmaerkte-ag\/","title":{"rendered":"Nouveau membre: Lipo Einrichtungsm\u00e4rkte AG"},"content":{"rendered":"<div class=\"flex_column av_one_full  flex_column_div av-zero-column-padding first  avia-builder-el-0  avia-builder-el-no-sibling  \" style='border-radius:0px; '><p><div  style='height:50px' class='hr hr-invisible   avia-builder-el-1  el_before_av_textblock  avia-builder-el-first '><span class='hr-inner ' ><span class='hr-inner-style'><\/span><\/span><\/div><br \/>\n<section class=\"av_textblock_section \"  itemscope=\"itemscope\" itemtype=\"https:\/\/schema.org\/BlogPosting\" itemprop=\"blogPost\" ><div class='avia_textblock  '   itemprop=\"text\" ><h2 style=\"text-align: center;\">Nouveau membre: Lipo Einrichtungsm\u00e4rkte AG<\/h2>\n<\/div><\/section><br \/>\n<div   class='hr hr-short hr-center   avia-builder-el-3  el_after_av_textblock  el_before_av_textblock '><span class='hr-inner ' ><span class='hr-inner-style'><\/span><\/span><\/div><br \/>\n<section class=\"av_textblock_section \"  itemscope=\"itemscope\" itemtype=\"https:\/\/schema.org\/BlogPosting\" itemprop=\"blogPost\" ><div class='avia_textblock  '   itemprop=\"text\" ><p><strong>Roland Seiler, CEO de Lipo, dans une br\u00e8ve interview: \u00ab\u00a0Nous attendons en particulier des impulsions positives d&rsquo;une coop\u00e9ration aux groupes de travail de Swiss Retail\u00a0\u00bb.<\/strong><\/p>\n<p><em>M. Seiler, qui est Lipo ?<\/em><br \/>\nLipo est l&rsquo;un des plus grands magasins d&rsquo;ameublement de Suisse. Nos 21 succursales offrent tous les articles d&rsquo;\u00e9quipement int\u00e9rieur (cuisines comprises). Nous avons 550 employ\u00e9s enthousiastes qui font chaque jour de leur mieux pour rendre nos clients smart-living heureux. Ces clients-l\u00e0 veulent tout: une qualit\u00e9 irr\u00e9prochable, un design \u00e9poustouflant, des conseils formidables, des services exceptionnels, des exp\u00e9riences d&rsquo;achat inoubliables, des produits sur mesure et tout cela, bien s\u00fbr, \u00e0 des prix imbattables. Ils ne nous rendent pas la t\u00e2che facile, mais nous travaillons dur pour les satisfaire.<\/p>\n<p><em>Pourquoi Lipo adh\u00e8re-t-elle \u00e0 Swiss Retail Federation?<\/em><br \/>\nPour pouvoir tenir dans la dur\u00e9e notre promesse de \u00ab\u00a0prix imbattables\u00a0\u00bb, il nous faut des structures \u00e0 faibles co\u00fbts, que nous remettons constamment en question. Nous avons trouv\u00e9 dans la caisse de compensation de Swiss Retail une formule non seulement moins ch\u00e8re, mais aussi plus pratique que celle que nous avions jusqu&rsquo;ici. Ce \u00ab\u00a0plus\u00a0\u00bb nous a d\u00e9cid\u00e9 \u00e0 adh\u00e9rer. Nous avons d\u00e9couvert ensuite le riche \u00e9ventail des services de Swiss Retail. Nous attendons en particulier des impulsions positives d&rsquo;une participation active \u00e0 ses groupes de travail Transition num\u00e9rique, Chefs du personnel, Formation, S\u00e9curit\u00e9 et sant\u00e9 au travail.<\/p>\n<p><em>O\u00f9 voyez-vous le plus grand d\u00e9fi pour le commerce de d\u00e9tail ?<\/em><br \/>\nL&rsquo;\u00e9conomie est en plein bouleversement, comparable \u00e0 la r\u00e9volution industrielle, mais mille fois plus rapide. Si elle veut rester performante, chaque entreprise doit donc d\u00e9ployer d&rsquo;\u00e9normes efforts pour tirer parti des opportunit\u00e9s offertes par ces changements dans tous les domaines.<\/p>\n<\/div><\/section><\/p><\/div>\n","protected":false},"excerpt":{"rendered":"","protected":false},"author":7,"featured_media":7105,"comment_status":"closed","ping_status":"closed","sticky":false,"template":"","format":"standard","meta":[],"categories":[64],"tags":[],"yoast_head":"<!-- This site is optimized with the Yoast SEO plugin v18.5.1 - https:\/\/yoast.com\/wordpress\/plugins\/seo\/ -->\n<title>Nouveau membre: Lipo Einrichtungsm\u00e4rkte AG -<\/title>\n<meta name=\"robots\" content=\"index, follow, max-snippet:-1, max-image-preview:large, max-video-preview:-1\" \/>\n<link rel=\"canonical\" href=\"https:\/\/www.swiss-retail.ch\/fr\/news-fr\/nouveau-membre-lipo-einrichtungsmaerkte-ag\/\" \/>\n<meta property=\"og:locale\" content=\"fr_FR\" \/>\n<meta property=\"og:type\" content=\"article\" \/>\n<meta property=\"og:title\" content=\"Nouveau membre: Lipo Einrichtungsm\u00e4rkte AG -\" \/>\n<meta property=\"og:url\" content=\"https:\/\/www.swiss-retail.ch\/fr\/news-fr\/nouveau-membre-lipo-einrichtungsmaerkte-ag\/\" \/>\n<meta property=\"article:published_time\" content=\"2019-01-30T14:48:35+00:00\" \/>\n<meta property=\"og:image\" content=\"https:\/\/www.swiss-retail.ch\/wp-content\/uploads\/2019\/01\/Roland-Seiler-Lipo-1.jpg\" \/>\n\t<meta property=\"og:image:width\" content=\"660\" \/>\n\t<meta property=\"og:image:height\" content=\"526\" \/>\n\t<meta property=\"og:image:type\" content=\"image\/jpeg\" \/>\n<meta name=\"twitter:card\" content=\"summary_large_image\" \/>\n<meta name=\"twitter:label1\" content=\"\u00c9crit par\" \/>\n\t<meta name=\"twitter:data1\" content=\"Claudio Looser\" \/>\n\t<meta name=\"twitter:label2\" content=\"Dur\u00e9e de lecture estim\u00e9e\" \/>\n\t<meta name=\"twitter:data2\" content=\"2 minutes\" \/>\n<script type=\"application\/ld+json\" class=\"yoast-schema-graph\">{\"@context\":\"https:\/\/schema.org\",\"@graph\":[{\"@type\":\"WebSite\",\"@id\":\"https:\/\/www.swiss-retail.ch\/#website\",\"url\":\"https:\/\/www.swiss-retail.ch\/\",\"name\":\"\",\"description\":\"Verband der Mittel- und Grossbetriebe des schweizerischen Detailhandels\",\"potentialAction\":[{\"@type\":\"SearchAction\",\"target\":{\"@type\":\"EntryPoint\",\"urlTemplate\":\"https:\/\/www.swiss-retail.ch\/?s={search_term_string}\"},\"query-input\":\"required name=search_term_string\"}],\"inLanguage\":\"fr-FR\"},{\"@type\":\"ImageObject\",\"@id\":\"https:\/\/www.swiss-retail.ch\/fr\/news-fr\/nouveau-membre-lipo-einrichtungsmaerkte-ag\/#primaryimage\",\"inLanguage\":\"fr-FR\",\"url\":\"https:\/\/www.swiss-retail.ch\/wp-content\/uploads\/2019\/01\/Roland-Seiler-Lipo-1.jpg\",\"contentUrl\":\"https:\/\/www.swiss-retail.ch\/wp-content\/uploads\/2019\/01\/Roland-Seiler-Lipo-1.jpg\",\"width\":660,\"height\":526},{\"@type\":\"WebPage\",\"@id\":\"https:\/\/www.swiss-retail.ch\/fr\/news-fr\/nouveau-membre-lipo-einrichtungsmaerkte-ag\/#webpage\",\"url\":\"https:\/\/www.swiss-retail.ch\/fr\/news-fr\/nouveau-membre-lipo-einrichtungsmaerkte-ag\/\",\"name\":\"Nouveau membre: Lipo Einrichtungsm\u00e4rkte AG -\",\"isPartOf\":{\"@id\":\"https:\/\/www.swiss-retail.ch\/#website\"},\"primaryImageOfPage\":{\"@id\":\"https:\/\/www.swiss-retail.ch\/fr\/news-fr\/nouveau-membre-lipo-einrichtungsmaerkte-ag\/#primaryimage\"},\"datePublished\":\"2019-01-30T14:48:35+00:00\",\"dateModified\":\"2019-01-30T14:48:35+00:00\",\"author\":{\"@id\":\"https:\/\/www.swiss-retail.ch\/#\/schema\/person\/2d56f4201fb0be31cc400171a2615b34\"},\"breadcrumb\":{\"@id\":\"https:\/\/www.swiss-retail.ch\/fr\/news-fr\/nouveau-membre-lipo-einrichtungsmaerkte-ag\/#breadcrumb\"},\"inLanguage\":\"fr-FR\",\"potentialAction\":[{\"@type\":\"ReadAction\",\"target\":[\"https:\/\/www.swiss-retail.ch\/fr\/news-fr\/nouveau-membre-lipo-einrichtungsmaerkte-ag\/\"]}]},{\"@type\":\"BreadcrumbList\",\"@id\":\"https:\/\/www.swiss-retail.ch\/fr\/news-fr\/nouveau-membre-lipo-einrichtungsmaerkte-ag\/#breadcrumb\",\"itemListElement\":[{\"@type\":\"ListItem\",\"position\":1,\"name\":\"Startseite\",\"item\":\"https:\/\/www.swiss-retail.ch\/fr\/homepage\/\"},{\"@type\":\"ListItem\",\"position\":2,\"name\":\"Nouveau membre: Lipo Einrichtungsm\u00e4rkte AG\"}]},{\"@type\":\"Person\",\"@id\":\"https:\/\/www.swiss-retail.ch\/#\/schema\/person\/2d56f4201fb0be31cc400171a2615b34\",\"name\":\"Claudio Looser\",\"url\":\"https:\/\/www.swiss-retail.ch\/fr\/author\/claudiolooser\/\"}]}<\/script>\n<!-- \/ Yoast SEO plugin. -->","yoast_head_json":{"title":"Nouveau membre: Lipo Einrichtungsm\u00e4rkte AG -","robots":{"index":"index","follow":"follow","max-snippet":"max-snippet:-1","max-image-preview":"max-image-preview:large","max-video-preview":"max-video-preview:-1"},"canonical":"https:\/\/www.swiss-retail.ch\/fr\/news-fr\/nouveau-membre-lipo-einrichtungsmaerkte-ag\/","og_locale":"fr_FR","og_type":"article","og_title":"Nouveau membre: Lipo Einrichtungsm\u00e4rkte AG -","og_url":"https:\/\/www.swiss-retail.ch\/fr\/news-fr\/nouveau-membre-lipo-einrichtungsmaerkte-ag\/","article_published_time":"2019-01-30T14:48:35+00:00","og_image":[{"width":660,"height":526,"url":"https:\/\/www.swiss-retail.ch\/wp-content\/uploads\/2019\/01\/Roland-Seiler-Lipo-1.jpg","type":"image\/jpeg"}],"twitter_card":"summary_large_image","twitter_misc":{"\u00c9crit par":"Claudio Looser","Dur\u00e9e de lecture estim\u00e9e":"2 minutes"},"schema":{"@context":"https:\/\/schema.org","@graph":[{"@type":"WebSite","@id":"https:\/\/www.swiss-retail.ch\/#website","url":"https:\/\/www.swiss-retail.ch\/","name":"","description":"Verband der Mittel- und Grossbetriebe des schweizerischen Detailhandels","potentialAction":[{"@type":"SearchAction","target":{"@type":"EntryPoint","urlTemplate":"https:\/\/www.swiss-retail.ch\/?s={search_term_string}"},"query-input":"required name=search_term_string"}],"inLanguage":"fr-FR"},{"@type":"ImageObject","@id":"https:\/\/www.swiss-retail.ch\/fr\/news-fr\/nouveau-membre-lipo-einrichtungsmaerkte-ag\/#primaryimage","inLanguage":"fr-FR","url":"https:\/\/www.swiss-retail.ch\/wp-content\/uploads\/2019\/01\/Roland-Seiler-Lipo-1.jpg","contentUrl":"https:\/\/www.swiss-retail.ch\/wp-content\/uploads\/2019\/01\/Roland-Seiler-Lipo-1.jpg","width":660,"height":526},{"@type":"WebPage","@id":"https:\/\/www.swiss-retail.ch\/fr\/news-fr\/nouveau-membre-lipo-einrichtungsmaerkte-ag\/#webpage","url":"https:\/\/www.swiss-retail.ch\/fr\/news-fr\/nouveau-membre-lipo-einrichtungsmaerkte-ag\/","name":"Nouveau membre: Lipo Einrichtungsm\u00e4rkte AG -","isPartOf":{"@id":"https:\/\/www.swiss-retail.ch\/#website"},"primaryImageOfPage":{"@id":"https:\/\/www.swiss-retail.ch\/fr\/news-fr\/nouveau-membre-lipo-einrichtungsmaerkte-ag\/#primaryimage"},"datePublished":"2019-01-30T14:48:35+00:00","dateModified":"2019-01-30T14:48:35+00:00","author":{"@id":"https:\/\/www.swiss-retail.ch\/#\/schema\/person\/2d56f4201fb0be31cc400171a2615b34"},"breadcrumb":{"@id":"https:\/\/www.swiss-retail.ch\/fr\/news-fr\/nouveau-membre-lipo-einrichtungsmaerkte-ag\/#breadcrumb"},"inLanguage":"fr-FR","potentialAction":[{"@type":"ReadAction","target":["https:\/\/www.swiss-retail.ch\/fr\/news-fr\/nouveau-membre-lipo-einrichtungsmaerkte-ag\/"]}]},{"@type":"BreadcrumbList","@id":"https:\/\/www.swiss-retail.ch\/fr\/news-fr\/nouveau-membre-lipo-einrichtungsmaerkte-ag\/#breadcrumb","itemListElement":[{"@type":"ListItem","position":1,"name":"Startseite","item":"https:\/\/www.swiss-retail.ch\/fr\/homepage\/"},{"@type":"ListItem","position":2,"name":"Nouveau membre: Lipo Einrichtungsm\u00e4rkte AG"}]},{"@type":"Person","@id":"https:\/\/www.swiss-retail.ch\/#\/schema\/person\/2d56f4201fb0be31cc400171a2615b34","name":"Claudio Looser","url":"https:\/\/www.swiss-retail.ch\/fr\/author\/claudiolooser\/"}]}},"_links":{"self":[{"href":"https:\/\/www.swiss-retail.ch\/fr\/wp-json\/wp\/v2\/posts\/7107"}],"collection":[{"href":"https:\/\/www.swiss-retail.ch\/fr\/wp-json\/wp\/v2\/posts"}],"about":[{"href":"https:\/\/www.swiss-retail.ch\/fr\/wp-json\/wp\/v2\/types\/post"}],"author":[{"embeddable":true,"href":"https:\/\/www.swiss-retail.ch\/fr\/wp-json\/wp\/v2\/users\/7"}],"replies":[{"embeddable":true,"href":"https:\/\/www.swiss-retail.ch\/fr\/wp-json\/wp\/v2\/comments?post=7107"}],"version-history":[{"count":2,"href":"https:\/\/www.swiss-retail.ch\/fr\/wp-json\/wp\/v2\/posts\/7107\/revisions"}],"predecessor-version":[{"id":7109,"href":"https:\/\/www.swiss-retail.ch\/fr\/wp-json\/wp\/v2\/posts\/7107\/revisions\/7109"}],"wp:featuredmedia":[{"embeddable":true,"href":"https:\/\/www.swiss-retail.ch\/fr\/wp-json\/wp\/v2\/media\/7105"}],"wp:attachment":[{"href":"https:\/\/www.swiss-retail.ch\/fr\/wp-json\/wp\/v2\/media?parent=7107"}],"wp:term":[{"taxonomy":"category","embeddable":true,"href":"https:\/\/www.swiss-retail.ch\/fr\/wp-json\/wp\/v2\/categories?post=7107"},{"taxonomy":"post_tag","embeddable":true,"href":"https:\/\/www.swiss-retail.ch\/fr\/wp-json\/wp\/v2\/tags?post=7107"}],"curies":[{"name":"wp","href":"https:\/\/api.w.org\/{rel}","templated":true}]}}