{"id":7232,"date":"2019-04-02T11:34:32","date_gmt":"2019-04-02T09:34:32","guid":{"rendered":"https:\/\/www.swiss-retail.ch\/?p=7232"},"modified":"2020-02-04T13:30:16","modified_gmt":"2020-02-04T12:30:16","slug":"les-chiffres-daffaires-du-commerce-de-detail-en-suisse-ont-legerement-baisse-en-fevrier-2019","status":"publish","type":"post","link":"https:\/\/www.swiss-retail.ch\/fr\/news-fr\/les-chiffres-daffaires-du-commerce-de-detail-en-suisse-ont-legerement-baisse-en-fevrier-2019\/","title":{"rendered":"Les chiffres d&rsquo;affaires du commerce de d\u00e9tail en Suisse ont l\u00e9g\u00e8rement baiss\u00e9 en f\u00e9vrier 2019"},"content":{"rendered":"<div class=\"flex_column av_one_full  flex_column_div av-zero-column-padding first  avia-builder-el-0  el_before_av_one_fourth  avia-builder-el-first  \" style='border-radius:0px; '><p><div  style='height:50px' class='hr hr-invisible   avia-builder-el-1  el_before_av_textblock  avia-builder-el-first '><span class='hr-inner ' ><span class='hr-inner-style'><\/span><\/span><\/div><br \/>\n<section class=\"av_textblock_section \"  itemscope=\"itemscope\" itemtype=\"https:\/\/schema.org\/BlogPosting\" itemprop=\"blogPost\" ><div class='avia_textblock  '   itemprop=\"text\" ><h2 style=\"text-align: center;\"><b><span style=\"font-size: x-large;\">Les chiffres d&rsquo;affaires du commerce de d\u00e9tail en Suisse ont l\u00e9g\u00e8rement baiss\u00e9 en f\u00e9vrier 2019 <\/span><\/b><\/h2>\n<\/div><\/section><br \/>\n<div   class='hr hr-short hr-center   avia-builder-el-3  el_after_av_textblock  el_before_av_textblock '><span class='hr-inner ' ><span class='hr-inner-style'><\/span><\/span><\/div><br \/>\n<section class=\"av_textblock_section \"  itemscope=\"itemscope\" itemtype=\"https:\/\/schema.org\/BlogPosting\" itemprop=\"blogPost\" ><div class='avia_textblock  '   itemprop=\"text\" ><p>Les chiffres d&rsquo;affaires du commerce de d\u00e9tail en Suisse ont recul\u00e9 de 0,2% en termes nominaux au mois de f\u00e9vrier 2019 par rapport \u00e0 f\u00e9vrier 2018. Corrig\u00e9s des variations saisonni\u00e8res, les chiffres d\u2019affaires nominaux du commerce de d\u00e9tail ont progress\u00e9 de 0,2% par rapport au mois pr\u00e9c\u00e9dent. Ce sont l\u00e0 quelques r\u00e9sultats provisoires de l&rsquo;Office f\u00e9d\u00e9ral de la statistique (OFS).\u00a0Vous trouverez davantage d\u2019informations dans <a href=\"https:\/\/www.bfs.admin.ch\/bfs\/fr\/home\/actualites\/quoi-de-neuf.assetdetail.7907313.html\" target=\"_blank\" rel=\"noopener\">le Communiqu\u00e9 de presse de l\u2019OFS<\/a>.<\/p>\n<\/div><\/section><\/p><\/div>\n<div class=\"flex_column av_one_fourth  flex_column_div av-zero-column-padding first  avia-builder-el-5  el_after_av_one_full  el_before_av_one_half  column-top-margin\" style='border-radius:0px; '><\/div>\n<div class=\"flex_column av_one_half  flex_column_div av-zero-column-padding   avia-builder-el-6  el_after_av_one_fourth  el_before_av_one_fourth  column-top-margin\" style='border-radius:0px; '><div  class='av-social-sharing-box  avia-builder-el-7  avia-builder-el-no-sibling  '><div class='av-share-box'><h5 class='av-share-link-description av-no-toc '>Partager l\u2019entr\u00e9e<\/h5><ul class='av-share-box-list noLightbox'><li class='av-share-link av-social-link-facebook' ><a target=\"_blank\" aria-label=\"Partager sur Facebook\" href='https:\/\/www.facebook.com\/sharer.php?u=https:\/\/www.swiss-retail.ch\/fr\/news-fr\/les-chiffres-daffaires-du-commerce-de-detail-en-suisse-ont-legerement-baisse-en-fevrier-2019\/&#038;t=Les%20chiffres%20d%E2%80%99affaires%20du%20commerce%20de%20d%C3%A9tail%20en%20Suisse%20ont%20l%C3%A9g%C3%A8rement%20baiss%C3%A9%20en%20f%C3%A9vrier%202019' aria-hidden='false' data-av_icon='\ue8f3' data-av_iconfont='entypo-fontello' title='' data-avia-related-tooltip='Partager sur Facebook' rel=\"noopener\"><span class='avia_hidden_link_text'>Partager sur Facebook<\/span><\/a><\/li><li class='av-share-link av-social-link-twitter' ><a target=\"_blank\" aria-label=\"Partager sur Twitter\" href='https:\/\/twitter.com\/share?text=Les%20chiffres%20d%E2%80%99affaires%20du%20commerce%20de%20d%C3%A9tail%20en%20Suisse%20ont%20l%C3%A9g%C3%A8rement%20baiss%C3%A9%20en%20f%C3%A9vrier%202019&#038;url=https:\/\/www.swiss-retail.ch\/fr\/?p=7232' aria-hidden='false' data-av_icon='\ue8f1' data-av_iconfont='entypo-fontello' title='' data-avia-related-tooltip='Partager sur Twitter' rel=\"noopener\"><span class='avia_hidden_link_text'>Partager sur Twitter<\/span><\/a><\/li><li class='av-share-link av-social-link-whatsapp' ><a target=\"_blank\" aria-label=\"Share on WhatsApp\" href='https:\/\/api.whatsapp.com\/send?text=https:\/\/www.swiss-retail.ch\/fr\/news-fr\/les-chiffres-daffaires-du-commerce-de-detail-en-suisse-ont-legerement-baisse-en-fevrier-2019\/' aria-hidden='false' data-av_icon='\uf232' data-av_iconfont='entypo-fontello' title='' data-avia-related-tooltip='Share on WhatsApp' rel=\"noopener\"><span class='avia_hidden_link_text'>Share on WhatsApp<\/span><\/a><\/li><li class='av-share-link av-social-link-linkedin' ><a target=\"_blank\" aria-label=\"Partager sur LinkedIn\" href='https:\/\/linkedin.com\/shareArticle?mini=true&#038;title=Les%20chiffres%20d%E2%80%99affaires%20du%20commerce%20de%20d%C3%A9tail%20en%20Suisse%20ont%20l%C3%A9g%C3%A8rement%20baiss%C3%A9%20en%20f%C3%A9vrier%202019&#038;url=https:\/\/www.swiss-retail.ch\/fr\/news-fr\/les-chiffres-daffaires-du-commerce-de-detail-en-suisse-ont-legerement-baisse-en-fevrier-2019\/' aria-hidden='false' data-av_icon='\ue8fc' data-av_iconfont='entypo-fontello' title='' data-avia-related-tooltip='Partager sur LinkedIn' rel=\"noopener\"><span class='avia_hidden_link_text'>Partager sur LinkedIn<\/span><\/a><\/li><li class='av-share-link av-social-link-mail' ><a  aria-label=\"Partager par Mail\" href='mailto:?subject=Les%20chiffres%20d%E2%80%99affaires%20du%20commerce%20de%20d%C3%A9tail%20en%20Suisse%20ont%20l%C3%A9g%C3%A8rement%20baiss%C3%A9%20en%20f%C3%A9vrier%202019&#038;body=https:\/\/www.swiss-retail.ch\/fr\/news-fr\/les-chiffres-daffaires-du-commerce-de-detail-en-suisse-ont-legerement-baisse-en-fevrier-2019\/' aria-hidden='false' data-av_icon='\ue805' data-av_iconfont='entypo-fontello' title='' data-avia-related-tooltip='Partager par Mail'><span class='avia_hidden_link_text'>Partager par Mail<\/span><\/a><\/li><\/ul><\/div><\/div><\/div><div class=\"flex_column av_one_fourth  flex_column_div av-zero-column-padding   avia-builder-el-8  el_after_av_one_half  avia-builder-el-last  column-top-margin\" style='border-radius:0px; '><\/div><\/p>\n","protected":false},"excerpt":{"rendered":"","protected":false},"author":7,"featured_media":3572,"comment_status":"closed","ping_status":"closed","sticky":false,"template":"","format":"standard","meta":[],"categories":[64],"tags":[],"yoast_head":"<!-- This site is optimized with the Yoast SEO plugin v18.5.1 - https:\/\/yoast.com\/wordpress\/plugins\/seo\/ -->\n<title>Les chiffres d&#039;affaires du commerce de d\u00e9tail en Suisse ont l\u00e9g\u00e8rement baiss\u00e9 en f\u00e9vrier 2019 -<\/title>\n<meta name=\"robots\" content=\"index, follow, max-snippet:-1, max-image-preview:large, max-video-preview:-1\" \/>\n<link rel=\"canonical\" href=\"https:\/\/www.swiss-retail.ch\/fr\/news-fr\/les-chiffres-daffaires-du-commerce-de-detail-en-suisse-ont-legerement-baisse-en-fevrier-2019\/\" \/>\n<meta property=\"og:locale\" content=\"fr_FR\" \/>\n<meta property=\"og:type\" content=\"article\" \/>\n<meta property=\"og:title\" content=\"Les chiffres d&#039;affaires du commerce de d\u00e9tail en Suisse ont l\u00e9g\u00e8rement baiss\u00e9 en f\u00e9vrier 2019 -\" \/>\n<meta property=\"og:url\" content=\"https:\/\/www.swiss-retail.ch\/fr\/news-fr\/les-chiffres-daffaires-du-commerce-de-detail-en-suisse-ont-legerement-baisse-en-fevrier-2019\/\" \/>\n<meta property=\"article:published_time\" content=\"2019-04-02T09:34:32+00:00\" \/>\n<meta property=\"article:modified_time\" content=\"2020-02-04T12:30:16+00:00\" \/>\n<meta property=\"og:image\" content=\"https:\/\/www.swiss-retail.ch\/wp-content\/uploads\/2017\/02\/swissretail_dienstleistung_interessenvertretung.jpg\" \/>\n\t<meta property=\"og:image:width\" content=\"660\" \/>\n\t<meta property=\"og:image:height\" content=\"526\" \/>\n\t<meta property=\"og:image:type\" content=\"image\/jpeg\" \/>\n<meta name=\"twitter:card\" content=\"summary_large_image\" \/>\n<meta name=\"twitter:label1\" content=\"\u00c9crit par\" \/>\n\t<meta name=\"twitter:data1\" content=\"Claudio Looser\" \/>\n\t<meta name=\"twitter:label2\" content=\"Dur\u00e9e de lecture estim\u00e9e\" \/>\n\t<meta name=\"twitter:data2\" content=\"2 minutes\" \/>\n<script type=\"application\/ld+json\" class=\"yoast-schema-graph\">{\"@context\":\"https:\/\/schema.org\",\"@graph\":[{\"@type\":\"WebSite\",\"@id\":\"https:\/\/www.swiss-retail.ch\/#website\",\"url\":\"https:\/\/www.swiss-retail.ch\/\",\"name\":\"\",\"description\":\"Verband der Mittel- und Grossbetriebe des schweizerischen Detailhandels\",\"potentialAction\":[{\"@type\":\"SearchAction\",\"target\":{\"@type\":\"EntryPoint\",\"urlTemplate\":\"https:\/\/www.swiss-retail.ch\/?s={search_term_string}\"},\"query-input\":\"required name=search_term_string\"}],\"inLanguage\":\"fr-FR\"},{\"@type\":\"ImageObject\",\"@id\":\"https:\/\/www.swiss-retail.ch\/fr\/news-fr\/les-chiffres-daffaires-du-commerce-de-detail-en-suisse-ont-legerement-baisse-en-fevrier-2019\/#primaryimage\",\"inLanguage\":\"fr-FR\",\"url\":\"https:\/\/www.swiss-retail.ch\/wp-content\/uploads\/2017\/02\/swissretail_dienstleistung_interessenvertretung.jpg\",\"contentUrl\":\"https:\/\/www.swiss-retail.ch\/wp-content\/uploads\/2017\/02\/swissretail_dienstleistung_interessenvertretung.jpg\",\"width\":660,\"height\":526},{\"@type\":\"WebPage\",\"@id\":\"https:\/\/www.swiss-retail.ch\/fr\/news-fr\/les-chiffres-daffaires-du-commerce-de-detail-en-suisse-ont-legerement-baisse-en-fevrier-2019\/#webpage\",\"url\":\"https:\/\/www.swiss-retail.ch\/fr\/news-fr\/les-chiffres-daffaires-du-commerce-de-detail-en-suisse-ont-legerement-baisse-en-fevrier-2019\/\",\"name\":\"Les chiffres d'affaires du commerce de d\u00e9tail en Suisse ont l\u00e9g\u00e8rement baiss\u00e9 en f\u00e9vrier 2019 -\",\"isPartOf\":{\"@id\":\"https:\/\/www.swiss-retail.ch\/#website\"},\"primaryImageOfPage\":{\"@id\":\"https:\/\/www.swiss-retail.ch\/fr\/news-fr\/les-chiffres-daffaires-du-commerce-de-detail-en-suisse-ont-legerement-baisse-en-fevrier-2019\/#primaryimage\"},\"datePublished\":\"2019-04-02T09:34:32+00:00\",\"dateModified\":\"2020-02-04T12:30:16+00:00\",\"author\":{\"@id\":\"https:\/\/www.swiss-retail.ch\/#\/schema\/person\/2d56f4201fb0be31cc400171a2615b34\"},\"breadcrumb\":{\"@id\":\"https:\/\/www.swiss-retail.ch\/fr\/news-fr\/les-chiffres-daffaires-du-commerce-de-detail-en-suisse-ont-legerement-baisse-en-fevrier-2019\/#breadcrumb\"},\"inLanguage\":\"fr-FR\",\"potentialAction\":[{\"@type\":\"ReadAction\",\"target\":[\"https:\/\/www.swiss-retail.ch\/fr\/news-fr\/les-chiffres-daffaires-du-commerce-de-detail-en-suisse-ont-legerement-baisse-en-fevrier-2019\/\"]}]},{\"@type\":\"BreadcrumbList\",\"@id\":\"https:\/\/www.swiss-retail.ch\/fr\/news-fr\/les-chiffres-daffaires-du-commerce-de-detail-en-suisse-ont-legerement-baisse-en-fevrier-2019\/#breadcrumb\",\"itemListElement\":[{\"@type\":\"ListItem\",\"position\":1,\"name\":\"Startseite\",\"item\":\"https:\/\/www.swiss-retail.ch\/fr\/homepage\/\"},{\"@type\":\"ListItem\",\"position\":2,\"name\":\"Les chiffres d&rsquo;affaires du commerce de d\u00e9tail en Suisse ont l\u00e9g\u00e8rement baiss\u00e9 en f\u00e9vrier 2019\"}]},{\"@type\":\"Person\",\"@id\":\"https:\/\/www.swiss-retail.ch\/#\/schema\/person\/2d56f4201fb0be31cc400171a2615b34\",\"name\":\"Claudio Looser\",\"url\":\"https:\/\/www.swiss-retail.ch\/fr\/author\/claudiolooser\/\"}]}<\/script>\n<!-- \/ Yoast SEO plugin. -->","yoast_head_json":{"title":"Les chiffres d'affaires du commerce de d\u00e9tail en Suisse ont l\u00e9g\u00e8rement baiss\u00e9 en f\u00e9vrier 2019 -","robots":{"index":"index","follow":"follow","max-snippet":"max-snippet:-1","max-image-preview":"max-image-preview:large","max-video-preview":"max-video-preview:-1"},"canonical":"https:\/\/www.swiss-retail.ch\/fr\/news-fr\/les-chiffres-daffaires-du-commerce-de-detail-en-suisse-ont-legerement-baisse-en-fevrier-2019\/","og_locale":"fr_FR","og_type":"article","og_title":"Les chiffres d'affaires du commerce de d\u00e9tail en Suisse ont l\u00e9g\u00e8rement baiss\u00e9 en f\u00e9vrier 2019 -","og_url":"https:\/\/www.swiss-retail.ch\/fr\/news-fr\/les-chiffres-daffaires-du-commerce-de-detail-en-suisse-ont-legerement-baisse-en-fevrier-2019\/","article_published_time":"2019-04-02T09:34:32+00:00","article_modified_time":"2020-02-04T12:30:16+00:00","og_image":[{"width":660,"height":526,"url":"https:\/\/www.swiss-retail.ch\/wp-content\/uploads\/2017\/02\/swissretail_dienstleistung_interessenvertretung.jpg","type":"image\/jpeg"}],"twitter_card":"summary_large_image","twitter_misc":{"\u00c9crit par":"Claudio Looser","Dur\u00e9e de lecture estim\u00e9e":"2 minutes"},"schema":{"@context":"https:\/\/schema.org","@graph":[{"@type":"WebSite","@id":"https:\/\/www.swiss-retail.ch\/#website","url":"https:\/\/www.swiss-retail.ch\/","name":"","description":"Verband der Mittel- und Grossbetriebe des schweizerischen Detailhandels","potentialAction":[{"@type":"SearchAction","target":{"@type":"EntryPoint","urlTemplate":"https:\/\/www.swiss-retail.ch\/?s={search_term_string}"},"query-input":"required name=search_term_string"}],"inLanguage":"fr-FR"},{"@type":"ImageObject","@id":"https:\/\/www.swiss-retail.ch\/fr\/news-fr\/les-chiffres-daffaires-du-commerce-de-detail-en-suisse-ont-legerement-baisse-en-fevrier-2019\/#primaryimage","inLanguage":"fr-FR","url":"https:\/\/www.swiss-retail.ch\/wp-content\/uploads\/2017\/02\/swissretail_dienstleistung_interessenvertretung.jpg","contentUrl":"https:\/\/www.swiss-retail.ch\/wp-content\/uploads\/2017\/02\/swissretail_dienstleistung_interessenvertretung.jpg","width":660,"height":526},{"@type":"WebPage","@id":"https:\/\/www.swiss-retail.ch\/fr\/news-fr\/les-chiffres-daffaires-du-commerce-de-detail-en-suisse-ont-legerement-baisse-en-fevrier-2019\/#webpage","url":"https:\/\/www.swiss-retail.ch\/fr\/news-fr\/les-chiffres-daffaires-du-commerce-de-detail-en-suisse-ont-legerement-baisse-en-fevrier-2019\/","name":"Les chiffres d'affaires du commerce de d\u00e9tail en Suisse ont l\u00e9g\u00e8rement baiss\u00e9 en f\u00e9vrier 2019 -","isPartOf":{"@id":"https:\/\/www.swiss-retail.ch\/#website"},"primaryImageOfPage":{"@id":"https:\/\/www.swiss-retail.ch\/fr\/news-fr\/les-chiffres-daffaires-du-commerce-de-detail-en-suisse-ont-legerement-baisse-en-fevrier-2019\/#primaryimage"},"datePublished":"2019-04-02T09:34:32+00:00","dateModified":"2020-02-04T12:30:16+00:00","author":{"@id":"https:\/\/www.swiss-retail.ch\/#\/schema\/person\/2d56f4201fb0be31cc400171a2615b34"},"breadcrumb":{"@id":"https:\/\/www.swiss-retail.ch\/fr\/news-fr\/les-chiffres-daffaires-du-commerce-de-detail-en-suisse-ont-legerement-baisse-en-fevrier-2019\/#breadcrumb"},"inLanguage":"fr-FR","potentialAction":[{"@type":"ReadAction","target":["https:\/\/www.swiss-retail.ch\/fr\/news-fr\/les-chiffres-daffaires-du-commerce-de-detail-en-suisse-ont-legerement-baisse-en-fevrier-2019\/"]}]},{"@type":"BreadcrumbList","@id":"https:\/\/www.swiss-retail.ch\/fr\/news-fr\/les-chiffres-daffaires-du-commerce-de-detail-en-suisse-ont-legerement-baisse-en-fevrier-2019\/#breadcrumb","itemListElement":[{"@type":"ListItem","position":1,"name":"Startseite","item":"https:\/\/www.swiss-retail.ch\/fr\/homepage\/"},{"@type":"ListItem","position":2,"name":"Les chiffres d&rsquo;affaires du commerce de d\u00e9tail en Suisse ont l\u00e9g\u00e8rement baiss\u00e9 en f\u00e9vrier 2019"}]},{"@type":"Person","@id":"https:\/\/www.swiss-retail.ch\/#\/schema\/person\/2d56f4201fb0be31cc400171a2615b34","name":"Claudio Looser","url":"https:\/\/www.swiss-retail.ch\/fr\/author\/claudiolooser\/"}]}},"_links":{"self":[{"href":"https:\/\/www.swiss-retail.ch\/fr\/wp-json\/wp\/v2\/posts\/7232"}],"collection":[{"href":"https:\/\/www.swiss-retail.ch\/fr\/wp-json\/wp\/v2\/posts"}],"about":[{"href":"https:\/\/www.swiss-retail.ch\/fr\/wp-json\/wp\/v2\/types\/post"}],"author":[{"embeddable":true,"href":"https:\/\/www.swiss-retail.ch\/fr\/wp-json\/wp\/v2\/users\/7"}],"replies":[{"embeddable":true,"href":"https:\/\/www.swiss-retail.ch\/fr\/wp-json\/wp\/v2\/comments?post=7232"}],"version-history":[{"count":4,"href":"https:\/\/www.swiss-retail.ch\/fr\/wp-json\/wp\/v2\/posts\/7232\/revisions"}],"predecessor-version":[{"id":8115,"href":"https:\/\/www.swiss-retail.ch\/fr\/wp-json\/wp\/v2\/posts\/7232\/revisions\/8115"}],"wp:featuredmedia":[{"embeddable":true,"href":"https:\/\/www.swiss-retail.ch\/fr\/wp-json\/wp\/v2\/media\/3572"}],"wp:attachment":[{"href":"https:\/\/www.swiss-retail.ch\/fr\/wp-json\/wp\/v2\/media?parent=7232"}],"wp:term":[{"taxonomy":"category","embeddable":true,"href":"https:\/\/www.swiss-retail.ch\/fr\/wp-json\/wp\/v2\/categories?post=7232"},{"taxonomy":"post_tag","embeddable":true,"href":"https:\/\/www.swiss-retail.ch\/fr\/wp-json\/wp\/v2\/tags?post=7232"}],"curies":[{"name":"wp","href":"https:\/\/api.w.org\/{rel}","templated":true}]}}