{"id":7624,"date":"2019-09-19T17:38:44","date_gmt":"2019-09-19T15:38:44","guid":{"rendered":"https:\/\/www.swiss-retail.ch\/?p=7624"},"modified":"2020-02-04T13:14:53","modified_gmt":"2020-02-04T12:14:53","slug":"les-membres-de-swiss-retail-valora-ikea-et-manor-participent-a-la-campagne-lifelonglearning","status":"publish","type":"post","link":"https:\/\/www.swiss-retail.ch\/fr\/news-fr\/les-membres-de-swiss-retail-valora-ikea-et-manor-participent-a-la-campagne-lifelonglearning\/","title":{"rendered":"Les membres de Swiss Retail Valora, IKEA et Manor participent \u00e0 la campagne \u00ab\u00a0#LifelongLearning\u00a0\u00bb"},"content":{"rendered":"<div class=\"flex_column av_one_full  flex_column_div av-zero-column-padding first  avia-builder-el-0  el_before_av_one_fourth  avia-builder-el-first  \" style='border-radius:0px; '><p><div  style='height:50px' class='hr hr-invisible   avia-builder-el-1  el_before_av_textblock  avia-builder-el-first '><span class='hr-inner ' ><span class='hr-inner-style'><\/span><\/span><\/div><br \/>\n<section class=\"av_textblock_section \"  itemscope=\"itemscope\" itemtype=\"https:\/\/schema.org\/BlogPosting\" itemprop=\"blogPost\" ><div class='avia_textblock  '   itemprop=\"text\" ><h2 style=\"text-align: center;\"><b><span style=\"font-size: x-large;\">Les membres de Swiss Retail Valora, IKEA et Manor participent \u00e0 la campagne \u00ab\u00a0#LifelongLearning\u00a0\u00bb<\/span><\/b><\/h2>\n<\/div><\/section><br \/>\n<div   class='hr hr-short hr-center   avia-builder-el-3  el_after_av_textblock  el_before_av_textblock '><span class='hr-inner ' ><span class='hr-inner-style'><\/span><\/span><\/div><br \/>\n<section class=\"av_textblock_section \"  itemscope=\"itemscope\" itemtype=\"https:\/\/schema.org\/BlogPosting\" itemprop=\"blogPost\" ><div class='avia_textblock  '   itemprop=\"text\" ><p>Les membres de Swiss Retail Valora, IKEA et Manor participent \u00e0 la campagne <a href=\"https:\/\/www.lifelonglearning.ch\/fr\/\" target=\"_blank\" rel=\"noopener\">\u00ab\u00a0#LifelongLearning\u00a0\u00bb<\/a> lanc\u00e9e par l&rsquo;Union patronale suisse (UPS) et Digitalswitzerland. Avec plus de 100 messages vid\u00e9o, cette campagne nationale de sensibilisation veut envoyer dans les mois qui viennent un signal fort sur l&rsquo;apprentissage tout au long de la vie et la fa\u00e7on dont chacune et chacun peut contribuer \u00e0 pr\u00e9server son employabilit\u00e9.<\/p>\n<p>Les messages vid\u00e9o d&#8217;employeurs et d&#8217;employ\u00e9s donnent un visage \u00e0 la campagne :<\/p>\n<p>IKEA:<\/p>\n<ul>\n<li><a href=\"https:\/\/www.lifelonglearning.ch\/trudi-stadelmann-ikea\/\">https:\/\/www.lifelonglearning.ch\/trudi-stadelmann-ikea\/<\/a><\/li>\n<li><a href=\"https:\/\/www.lifelonglearning.ch\/fausta-spreafico-ikea\/\">https:\/\/www.lifelonglearning.ch\/fausta-spreafico-ikea\/<\/a><\/li>\n<li><a href=\"https:\/\/www.lifelonglearning.ch\/danilo-fumagalli-ikea\/\">https:\/\/www.lifelonglearning.ch\/danilo-fumagalli-ikea\/<\/a><\/li>\n<\/ul>\n<p>Valora:<\/p>\n<ul>\n<li><a href=\"https:\/\/www.lifelonglearning.ch\/andreas-maerki-valora-schweiz-ag\/\">https:\/\/www.lifelonglearning.ch\/andreas-maerki-valora-schweiz-ag\/<\/a><\/li>\n<li><a href=\"https:\/\/www.lifelonglearning.ch\/roger-vogt-valora-retail\/\">https:\/\/www.lifelonglearning.ch\/roger-vogt-valora-retail\/<\/a><\/li>\n<\/ul>\n<p>Manor:<\/p>\n<ul>\n<li><a href=\"https:\/\/www.lifelonglearning.ch\/peter-kamber-manor\/\">https:\/\/www.lifelonglearning.ch\/peter-kamber-manor\/<\/a><\/li>\n<li><a href=\"https:\/\/www.lifelonglearning.ch\/grazielle-ribic-manor\/\">https:\/\/www.lifelonglearning.ch\/grazielle-ribic-manor\/<\/a><\/li>\n<li><a href=\"https:\/\/www.lifelonglearning.ch\/stefan-zuercher-manor-ag\/\">https:\/\/www.lifelonglearning.ch\/stefan-zuercher-manor-ag\/<\/a><\/li>\n<\/ul>\n<\/div><\/section><\/p><\/div>\n<div class=\"flex_column av_one_fourth  flex_column_div av-zero-column-padding first  avia-builder-el-5  el_after_av_one_full  el_before_av_one_half  column-top-margin\" style='border-radius:0px; '><\/div>\n<div class=\"flex_column av_one_half  flex_column_div av-zero-column-padding   avia-builder-el-6  el_after_av_one_fourth  el_before_av_one_fourth  column-top-margin\" style='border-radius:0px; '><div  class='av-social-sharing-box  avia-builder-el-7  avia-builder-el-no-sibling  '><div class='av-share-box'><h5 class='av-share-link-description av-no-toc '>Partager l\u2019entr\u00e9e<\/h5><ul class='av-share-box-list noLightbox'><li class='av-share-link av-social-link-facebook' ><a target=\"_blank\" aria-label=\"Partager sur Facebook\" href='https:\/\/www.facebook.com\/sharer.php?u=https:\/\/www.swiss-retail.ch\/fr\/news-fr\/les-membres-de-swiss-retail-valora-ikea-et-manor-participent-a-la-campagne-lifelonglearning\/&#038;t=Les%20membres%20de%20Swiss%20Retail%20Valora%2C%20IKEA%20et%20Manor%20participent%20%C3%A0%20la%20campagne%20%C2%AB%C2%A0%23LifelongLearning%C2%A0%C2%BB' aria-hidden='false' data-av_icon='\ue8f3' data-av_iconfont='entypo-fontello' title='' data-avia-related-tooltip='Partager sur Facebook' rel=\"noopener\"><span class='avia_hidden_link_text'>Partager sur Facebook<\/span><\/a><\/li><li class='av-share-link av-social-link-twitter' ><a target=\"_blank\" aria-label=\"Partager sur Twitter\" href='https:\/\/twitter.com\/share?text=Les%20membres%20de%20Swiss%20Retail%20Valora%2C%20IKEA%20et%20Manor%20participent%20%C3%A0%20la%20campagne%20%C2%AB%C2%A0%23LifelongLearning%C2%A0%C2%BB&#038;url=https:\/\/www.swiss-retail.ch\/fr\/?p=7624' aria-hidden='false' data-av_icon='\ue8f1' data-av_iconfont='entypo-fontello' title='' data-avia-related-tooltip='Partager sur Twitter' rel=\"noopener\"><span class='avia_hidden_link_text'>Partager sur Twitter<\/span><\/a><\/li><li class='av-share-link av-social-link-whatsapp' ><a target=\"_blank\" aria-label=\"Share on WhatsApp\" href='https:\/\/api.whatsapp.com\/send?text=https:\/\/www.swiss-retail.ch\/fr\/news-fr\/les-membres-de-swiss-retail-valora-ikea-et-manor-participent-a-la-campagne-lifelonglearning\/' aria-hidden='false' data-av_icon='\uf232' data-av_iconfont='entypo-fontello' title='' data-avia-related-tooltip='Share on WhatsApp' rel=\"noopener\"><span class='avia_hidden_link_text'>Share on WhatsApp<\/span><\/a><\/li><li class='av-share-link av-social-link-linkedin' ><a target=\"_blank\" aria-label=\"Partager sur LinkedIn\" href='https:\/\/linkedin.com\/shareArticle?mini=true&#038;title=Les%20membres%20de%20Swiss%20Retail%20Valora%2C%20IKEA%20et%20Manor%20participent%20%C3%A0%20la%20campagne%20%C2%AB%C2%A0%23LifelongLearning%C2%A0%C2%BB&#038;url=https:\/\/www.swiss-retail.ch\/fr\/news-fr\/les-membres-de-swiss-retail-valora-ikea-et-manor-participent-a-la-campagne-lifelonglearning\/' aria-hidden='false' data-av_icon='\ue8fc' data-av_iconfont='entypo-fontello' title='' data-avia-related-tooltip='Partager sur LinkedIn' rel=\"noopener\"><span class='avia_hidden_link_text'>Partager sur LinkedIn<\/span><\/a><\/li><li class='av-share-link av-social-link-mail' ><a  aria-label=\"Partager par Mail\" href='mailto:?subject=Les%20membres%20de%20Swiss%20Retail%20Valora%2C%20IKEA%20et%20Manor%20participent%20%C3%A0%20la%20campagne%20%C2%AB%C2%A0%23LifelongLearning%C2%A0%C2%BB&#038;body=https:\/\/www.swiss-retail.ch\/fr\/news-fr\/les-membres-de-swiss-retail-valora-ikea-et-manor-participent-a-la-campagne-lifelonglearning\/' aria-hidden='false' data-av_icon='\ue805' data-av_iconfont='entypo-fontello' title='' data-avia-related-tooltip='Partager par Mail'><span class='avia_hidden_link_text'>Partager par Mail<\/span><\/a><\/li><\/ul><\/div><\/div><\/div><div class=\"flex_column av_one_fourth  flex_column_div av-zero-column-padding   avia-builder-el-8  el_after_av_one_half  avia-builder-el-last  column-top-margin\" style='border-radius:0px; '><\/div><\/p>\n","protected":false},"excerpt":{"rendered":"","protected":false},"author":7,"featured_media":7625,"comment_status":"closed","ping_status":"closed","sticky":false,"template":"","format":"standard","meta":[],"categories":[64],"tags":[],"yoast_head":"<!-- This site is optimized with the Yoast SEO plugin v18.5.1 - https:\/\/yoast.com\/wordpress\/plugins\/seo\/ -->\n<title>Les membres de Swiss Retail Valora, IKEA et Manor participent \u00e0 la campagne &quot;#LifelongLearning&quot; -<\/title>\n<meta name=\"robots\" content=\"index, follow, max-snippet:-1, max-image-preview:large, max-video-preview:-1\" \/>\n<link rel=\"canonical\" href=\"https:\/\/www.swiss-retail.ch\/fr\/news-fr\/les-membres-de-swiss-retail-valora-ikea-et-manor-participent-a-la-campagne-lifelonglearning\/\" \/>\n<meta property=\"og:locale\" content=\"fr_FR\" \/>\n<meta property=\"og:type\" content=\"article\" \/>\n<meta property=\"og:title\" content=\"Les membres de Swiss Retail Valora, IKEA et Manor participent \u00e0 la campagne &quot;#LifelongLearning&quot; -\" \/>\n<meta property=\"og:url\" content=\"https:\/\/www.swiss-retail.ch\/fr\/news-fr\/les-membres-de-swiss-retail-valora-ikea-et-manor-participent-a-la-campagne-lifelonglearning\/\" \/>\n<meta property=\"article:published_time\" content=\"2019-09-19T15:38:44+00:00\" \/>\n<meta property=\"article:modified_time\" content=\"2020-02-04T12:14:53+00:00\" \/>\n<meta property=\"og:image\" content=\"https:\/\/www.swiss-retail.ch\/wp-content\/uploads\/2019\/09\/LifeLongLeargning_fr.jpg\" \/>\n\t<meta property=\"og:image:width\" content=\"660\" \/>\n\t<meta property=\"og:image:height\" content=\"526\" \/>\n\t<meta property=\"og:image:type\" content=\"image\/jpeg\" \/>\n<meta name=\"twitter:card\" content=\"summary_large_image\" \/>\n<meta name=\"twitter:label1\" content=\"\u00c9crit par\" \/>\n\t<meta name=\"twitter:data1\" content=\"Claudio Looser\" \/>\n\t<meta name=\"twitter:label2\" content=\"Dur\u00e9e de lecture estim\u00e9e\" \/>\n\t<meta name=\"twitter:data2\" content=\"2 minutes\" \/>\n<script type=\"application\/ld+json\" class=\"yoast-schema-graph\">{\"@context\":\"https:\/\/schema.org\",\"@graph\":[{\"@type\":\"WebSite\",\"@id\":\"https:\/\/www.swiss-retail.ch\/#website\",\"url\":\"https:\/\/www.swiss-retail.ch\/\",\"name\":\"\",\"description\":\"Verband der Mittel- und Grossbetriebe des schweizerischen Detailhandels\",\"potentialAction\":[{\"@type\":\"SearchAction\",\"target\":{\"@type\":\"EntryPoint\",\"urlTemplate\":\"https:\/\/www.swiss-retail.ch\/?s={search_term_string}\"},\"query-input\":\"required name=search_term_string\"}],\"inLanguage\":\"fr-FR\"},{\"@type\":\"ImageObject\",\"@id\":\"https:\/\/www.swiss-retail.ch\/fr\/news-fr\/les-membres-de-swiss-retail-valora-ikea-et-manor-participent-a-la-campagne-lifelonglearning\/#primaryimage\",\"inLanguage\":\"fr-FR\",\"url\":\"https:\/\/www.swiss-retail.ch\/wp-content\/uploads\/2019\/09\/LifeLongLeargning_fr.jpg\",\"contentUrl\":\"https:\/\/www.swiss-retail.ch\/wp-content\/uploads\/2019\/09\/LifeLongLeargning_fr.jpg\",\"width\":660,\"height\":526},{\"@type\":\"WebPage\",\"@id\":\"https:\/\/www.swiss-retail.ch\/fr\/news-fr\/les-membres-de-swiss-retail-valora-ikea-et-manor-participent-a-la-campagne-lifelonglearning\/#webpage\",\"url\":\"https:\/\/www.swiss-retail.ch\/fr\/news-fr\/les-membres-de-swiss-retail-valora-ikea-et-manor-participent-a-la-campagne-lifelonglearning\/\",\"name\":\"Les membres de Swiss Retail Valora, IKEA et Manor participent \u00e0 la campagne \\\"#LifelongLearning\\\" -\",\"isPartOf\":{\"@id\":\"https:\/\/www.swiss-retail.ch\/#website\"},\"primaryImageOfPage\":{\"@id\":\"https:\/\/www.swiss-retail.ch\/fr\/news-fr\/les-membres-de-swiss-retail-valora-ikea-et-manor-participent-a-la-campagne-lifelonglearning\/#primaryimage\"},\"datePublished\":\"2019-09-19T15:38:44+00:00\",\"dateModified\":\"2020-02-04T12:14:53+00:00\",\"author\":{\"@id\":\"https:\/\/www.swiss-retail.ch\/#\/schema\/person\/2d56f4201fb0be31cc400171a2615b34\"},\"breadcrumb\":{\"@id\":\"https:\/\/www.swiss-retail.ch\/fr\/news-fr\/les-membres-de-swiss-retail-valora-ikea-et-manor-participent-a-la-campagne-lifelonglearning\/#breadcrumb\"},\"inLanguage\":\"fr-FR\",\"potentialAction\":[{\"@type\":\"ReadAction\",\"target\":[\"https:\/\/www.swiss-retail.ch\/fr\/news-fr\/les-membres-de-swiss-retail-valora-ikea-et-manor-participent-a-la-campagne-lifelonglearning\/\"]}]},{\"@type\":\"BreadcrumbList\",\"@id\":\"https:\/\/www.swiss-retail.ch\/fr\/news-fr\/les-membres-de-swiss-retail-valora-ikea-et-manor-participent-a-la-campagne-lifelonglearning\/#breadcrumb\",\"itemListElement\":[{\"@type\":\"ListItem\",\"position\":1,\"name\":\"Startseite\",\"item\":\"https:\/\/www.swiss-retail.ch\/fr\/homepage\/\"},{\"@type\":\"ListItem\",\"position\":2,\"name\":\"Les membres de Swiss Retail Valora, IKEA et Manor participent \u00e0 la campagne \u00ab\u00a0#LifelongLearning\u00a0\u00bb\"}]},{\"@type\":\"Person\",\"@id\":\"https:\/\/www.swiss-retail.ch\/#\/schema\/person\/2d56f4201fb0be31cc400171a2615b34\",\"name\":\"Claudio Looser\",\"url\":\"https:\/\/www.swiss-retail.ch\/fr\/author\/claudiolooser\/\"}]}<\/script>\n<!-- \/ Yoast SEO plugin. -->","yoast_head_json":{"title":"Les membres de Swiss Retail Valora, IKEA et Manor participent \u00e0 la campagne \"#LifelongLearning\" -","robots":{"index":"index","follow":"follow","max-snippet":"max-snippet:-1","max-image-preview":"max-image-preview:large","max-video-preview":"max-video-preview:-1"},"canonical":"https:\/\/www.swiss-retail.ch\/fr\/news-fr\/les-membres-de-swiss-retail-valora-ikea-et-manor-participent-a-la-campagne-lifelonglearning\/","og_locale":"fr_FR","og_type":"article","og_title":"Les membres de Swiss Retail Valora, IKEA et Manor participent \u00e0 la campagne \"#LifelongLearning\" -","og_url":"https:\/\/www.swiss-retail.ch\/fr\/news-fr\/les-membres-de-swiss-retail-valora-ikea-et-manor-participent-a-la-campagne-lifelonglearning\/","article_published_time":"2019-09-19T15:38:44+00:00","article_modified_time":"2020-02-04T12:14:53+00:00","og_image":[{"width":660,"height":526,"url":"https:\/\/www.swiss-retail.ch\/wp-content\/uploads\/2019\/09\/LifeLongLeargning_fr.jpg","type":"image\/jpeg"}],"twitter_card":"summary_large_image","twitter_misc":{"\u00c9crit par":"Claudio Looser","Dur\u00e9e de lecture estim\u00e9e":"2 minutes"},"schema":{"@context":"https:\/\/schema.org","@graph":[{"@type":"WebSite","@id":"https:\/\/www.swiss-retail.ch\/#website","url":"https:\/\/www.swiss-retail.ch\/","name":"","description":"Verband der Mittel- und Grossbetriebe des schweizerischen Detailhandels","potentialAction":[{"@type":"SearchAction","target":{"@type":"EntryPoint","urlTemplate":"https:\/\/www.swiss-retail.ch\/?s={search_term_string}"},"query-input":"required name=search_term_string"}],"inLanguage":"fr-FR"},{"@type":"ImageObject","@id":"https:\/\/www.swiss-retail.ch\/fr\/news-fr\/les-membres-de-swiss-retail-valora-ikea-et-manor-participent-a-la-campagne-lifelonglearning\/#primaryimage","inLanguage":"fr-FR","url":"https:\/\/www.swiss-retail.ch\/wp-content\/uploads\/2019\/09\/LifeLongLeargning_fr.jpg","contentUrl":"https:\/\/www.swiss-retail.ch\/wp-content\/uploads\/2019\/09\/LifeLongLeargning_fr.jpg","width":660,"height":526},{"@type":"WebPage","@id":"https:\/\/www.swiss-retail.ch\/fr\/news-fr\/les-membres-de-swiss-retail-valora-ikea-et-manor-participent-a-la-campagne-lifelonglearning\/#webpage","url":"https:\/\/www.swiss-retail.ch\/fr\/news-fr\/les-membres-de-swiss-retail-valora-ikea-et-manor-participent-a-la-campagne-lifelonglearning\/","name":"Les membres de Swiss Retail Valora, IKEA et Manor participent \u00e0 la campagne \"#LifelongLearning\" -","isPartOf":{"@id":"https:\/\/www.swiss-retail.ch\/#website"},"primaryImageOfPage":{"@id":"https:\/\/www.swiss-retail.ch\/fr\/news-fr\/les-membres-de-swiss-retail-valora-ikea-et-manor-participent-a-la-campagne-lifelonglearning\/#primaryimage"},"datePublished":"2019-09-19T15:38:44+00:00","dateModified":"2020-02-04T12:14:53+00:00","author":{"@id":"https:\/\/www.swiss-retail.ch\/#\/schema\/person\/2d56f4201fb0be31cc400171a2615b34"},"breadcrumb":{"@id":"https:\/\/www.swiss-retail.ch\/fr\/news-fr\/les-membres-de-swiss-retail-valora-ikea-et-manor-participent-a-la-campagne-lifelonglearning\/#breadcrumb"},"inLanguage":"fr-FR","potentialAction":[{"@type":"ReadAction","target":["https:\/\/www.swiss-retail.ch\/fr\/news-fr\/les-membres-de-swiss-retail-valora-ikea-et-manor-participent-a-la-campagne-lifelonglearning\/"]}]},{"@type":"BreadcrumbList","@id":"https:\/\/www.swiss-retail.ch\/fr\/news-fr\/les-membres-de-swiss-retail-valora-ikea-et-manor-participent-a-la-campagne-lifelonglearning\/#breadcrumb","itemListElement":[{"@type":"ListItem","position":1,"name":"Startseite","item":"https:\/\/www.swiss-retail.ch\/fr\/homepage\/"},{"@type":"ListItem","position":2,"name":"Les membres de Swiss Retail Valora, IKEA et Manor participent \u00e0 la campagne \u00ab\u00a0#LifelongLearning\u00a0\u00bb"}]},{"@type":"Person","@id":"https:\/\/www.swiss-retail.ch\/#\/schema\/person\/2d56f4201fb0be31cc400171a2615b34","name":"Claudio Looser","url":"https:\/\/www.swiss-retail.ch\/fr\/author\/claudiolooser\/"}]}},"_links":{"self":[{"href":"https:\/\/www.swiss-retail.ch\/fr\/wp-json\/wp\/v2\/posts\/7624"}],"collection":[{"href":"https:\/\/www.swiss-retail.ch\/fr\/wp-json\/wp\/v2\/posts"}],"about":[{"href":"https:\/\/www.swiss-retail.ch\/fr\/wp-json\/wp\/v2\/types\/post"}],"author":[{"embeddable":true,"href":"https:\/\/www.swiss-retail.ch\/fr\/wp-json\/wp\/v2\/users\/7"}],"replies":[{"embeddable":true,"href":"https:\/\/www.swiss-retail.ch\/fr\/wp-json\/wp\/v2\/comments?post=7624"}],"version-history":[{"count":4,"href":"https:\/\/www.swiss-retail.ch\/fr\/wp-json\/wp\/v2\/posts\/7624\/revisions"}],"predecessor-version":[{"id":7849,"href":"https:\/\/www.swiss-retail.ch\/fr\/wp-json\/wp\/v2\/posts\/7624\/revisions\/7849"}],"wp:featuredmedia":[{"embeddable":true,"href":"https:\/\/www.swiss-retail.ch\/fr\/wp-json\/wp\/v2\/media\/7625"}],"wp:attachment":[{"href":"https:\/\/www.swiss-retail.ch\/fr\/wp-json\/wp\/v2\/media?parent=7624"}],"wp:term":[{"taxonomy":"category","embeddable":true,"href":"https:\/\/www.swiss-retail.ch\/fr\/wp-json\/wp\/v2\/categories?post=7624"},{"taxonomy":"post_tag","embeddable":true,"href":"https:\/\/www.swiss-retail.ch\/fr\/wp-json\/wp\/v2\/tags?post=7624"}],"curies":[{"name":"wp","href":"https:\/\/api.w.org\/{rel}","templated":true}]}}