{"id":8259,"date":"2020-03-16T16:21:24","date_gmt":"2020-03-16T15:21:24","guid":{"rendered":"https:\/\/www.swiss-retail.ch\/?p=8259"},"modified":"2020-03-16T16:22:03","modified_gmt":"2020-03-16T15:22:03","slug":"pour-faire-face-au-coronavirus-swiss-retail-federation-reclame-des-mesures-coordonnees-a-lechelle-suisse-elle-annonce-aussi-une-nouvelle-vague-de-chomage-partiel-dans-le-secteur-non-food","status":"publish","type":"post","link":"https:\/\/www.swiss-retail.ch\/fr\/news-fr\/pour-faire-face-au-coronavirus-swiss-retail-federation-reclame-des-mesures-coordonnees-a-lechelle-suisse-elle-annonce-aussi-une-nouvelle-vague-de-chomage-partiel-dans-le-secteur-non-food\/","title":{"rendered":"Pour faire face au coronavirus, Swiss Retail Federation r\u00e9clame des mesures coordonn\u00e9es \u00e0 l\u2019\u00e9chelle suisse. Elle annonce aussi une nouvelle vague de ch\u00f4mage partiel dans le secteur non-food."},"content":{"rendered":"<div   class='hr hr-default   avia-builder-el-0  el_before_av_textblock  avia-builder-el-first '><span class='hr-inner ' ><span class='hr-inner-style'><\/span><\/span><\/div>\n<section class=\"av_textblock_section \"  itemscope=\"itemscope\" itemtype=\"https:\/\/schema.org\/BlogPosting\" itemprop=\"blogPost\" ><div class='avia_textblock  '   itemprop=\"text\" ><p>Pour faire face au coronavirus, Swiss Retail Federation r\u00e9clame des mesures coordonn\u00e9es \u00e0 l\u2019\u00e9chelle suisse. Elle annonce aussi une nouvelle vague de ch\u00f4mage partiel dans le secteur non-food.<\/p>\n<\/div><\/section>\n<div   class='hr hr-default   avia-builder-el-2  el_after_av_textblock  el_before_av_textblock '><span class='hr-inner ' ><span class='hr-inner-style'><\/span><\/span><\/div>\n<section class=\"av_textblock_section \"  itemscope=\"itemscope\" itemtype=\"https:\/\/schema.org\/BlogPosting\" itemprop=\"blogPost\" ><div class='avia_textblock  '   itemprop=\"text\" ><p><strong>Alors que le secteur alimentaire est le th\u00e9\u00e2tre d\u2019achats de stockage et que seul un engagement vigoureux permet de couvrir la demande, voil\u00e0 qu\u2019une vague importante de ch\u00f4mage partiel touche maintenant le secteur non alimentaire. Au point que des fermetures d&rsquo;exploitations sont envisag\u00e9es.<\/strong><\/p>\n<p><strong>Secteur alimentaire<\/strong><\/p>\n<p>Swiss Retail Federation est consciente des grandes incertitudes que le coronavirus (Covid-19) suscite actuellement en Suisse et des pr\u00e9occupations qu\u2019il inspire \u00e0 de nombreuses personnes. Il est donc important pour nous d\u2019insister sur le fait que l&rsquo;approvisionnement national est durablement assur\u00e9 et qu&rsquo;il y a suffisamment de nourriture et de produits de base disponibles pour tout le monde.<\/p>\n<p>La situation actuelle jette n\u00e9anmoins un d\u00e9fi extraordinaire au commerce de d\u00e9tail. Comme le souligne Dagmar Jenni, directrice de Swiss Retail: \u00ab\u00a0<em>Les entreprises de d\u00e9tail donnent un gros coup de collier pour ma\u00eetriser la situation. Les d\u00e9taillants ont pour principal objectif d&rsquo;approvisionner la population, tout en assurant leur s\u00e9curit\u00e9 et celle de leurs employ\u00e9s et de leurs fournisseurs\u00a0\u00bb.<\/em><\/p>\n<p>Mme Jenni ajoute: \u00ab\u00a0Presque chaque heure qui passe voit divers cantons adopter des mesures <em>plus ambitieuses que celles ordonn\u00e9es par la Conf\u00e9d\u00e9ration<\/em>, <em>des mesures qui, malheureusement, ne sont pas toujours coh\u00e9rentes. Pour le commerce de d\u00e9tail, avec ses milliers de succursales r\u00e9parties dans tous les cantons, la situation menace de devenir chaotique. Afin de garantir le bon fonctionnement de l&rsquo;approvisionnement national, il est important d&rsquo;\u00e9dicter rapidement des r\u00e8gles et des mesures harmonis\u00e9es pour toute la Suisse<\/em>.\u00a0\u00bb La Conf\u00e9d\u00e9ration est invit\u00e9e \u00e0 piloter la gestion de crise de fa\u00e7on ordonn\u00e9e et \u00e0 mettre un terme \u00e0 \u00ab\u00a0l&rsquo;esprit cantonnier\u00a0\u00bb. Il est urgent de retrouver un minimum de s\u00e9curit\u00e9 de planification dans le commerce de d\u00e9tail.<\/p>\n<p>Dans l\u2019optique du commerce de d\u00e9tail, les mesures doivent \u00eatre con\u00e7ues de telle sorte que les d\u00e9taillants et les points de vente de toute la Suisse, qui ont la responsabilit\u00e9 d\u2019assurer l&rsquo;approvisionnement de base (en denr\u00e9es alimentaires \u2013 y compris aliments pour animaux -, m\u00e9dicaments, auxiliaires m\u00e9dicaux, carburants) \u00e9chappent aux fermetures sanitaires. Pour des raisons pratiques, les contraintes administratives suppl\u00e9mentaires impos\u00e9es aux magasins, comme la d\u00e9limitation des assortiments qui ne rel\u00e8vent pas de l\u2019approvisionnement de base, doivent \u00eatre temporairement \u00e9vit\u00e9es. Pour ces formats, les ouvertures dominicales doivent \u00eatre v\u00e9rifi\u00e9es imm\u00e9diatement dans toute la Suisse. Cela comprend la gestion centralis\u00e9e et non bureaucratique des autorisations n\u00e9cessaires pour les d\u00e9placements de nuit et le dimanche, le travail suppl\u00e9mentaire, etc. Le commerce professionnel et le commerce en ligne doivent aussi \u00eatre clairement exempt\u00e9s (car sans fr\u00e9quentation de clients). D\u2019une mani\u00e8re ou d\u2019une autre, il s\u2019agit de pr\u00e9server les capacit\u00e9s logistiques dont a besoin le commerce de d\u00e9tail.<\/p>\n<p><strong>Secteur non alimentaire<\/strong><\/p>\n<p>La situation du secteur non alimentaire est totalement diff\u00e9rente. Une premi\u00e8re enqu\u00eate de tendance men\u00e9e la semaine derni\u00e8re par Swiss Retail aupr\u00e8s de ses membres a montr\u00e9 qu&rsquo;en raison de la propagation croissante du coronavirus, de nombreux commerces de d\u00e9tail de taille moyenne, en particulier, souffrent d&rsquo;une forte baisse de fr\u00e9quentation et d&rsquo;un recul de la demande. Ce ph\u00e9nom\u00e8ne touche l&rsquo;ensemble du secteur stationnaire non alimentaire et s\u2019est d\u00e9j\u00e0 traduit par un recul des ventes de 30 \u00e0 60 % la semaine derni\u00e8re. Environ deux tiers des entreprises s&rsquo;attendent \u00e0 devoir recourir au ch\u00f4mage partiel \u00e0 moyen terme et plus de la moiti\u00e9 pr\u00e9voient de fermer temporairement. Cette enqu\u00eate montre donc que le coronavirus frappe d\u00e9j\u00e0 durement les entreprises aujourd\u2019hui (et les expose \u00e0 une menace existentielle).<\/p>\n<p>Pour att\u00e9nuer les cons\u00e9quences \u00e9conomiques du Covid-19, Swiss Retail Federation\u00a0 demande, en plus des simplifications annonc\u00e9es en mati\u00e8re de ch\u00f4mage partiel\u00a0:<\/p>\n<p>&#8211; le report des cotisations AVS et de la TVA\u00a0;<\/p>\n<p>&#8211; des mesures de financement \u00e0 moyen et long termes.<\/p>\n<p>Seul un tel volet de soutien permettra de surmonter les crises de liquidit\u00e9 qui s\u2019annoncent et de pr\u00e9server l\u2019emploi.<\/p>\n<p>Le commerce de d\u00e9tail occupe environ 310 000 personnes en Suisse. Sans un programme de soutien adapt\u00e9 et coordonn\u00e9 en faveur de cette branche, l&rsquo;\u00e9conomie suisse sera gravement impact\u00e9e.<\/p>\n<\/div><\/section>\n<div   class='hr hr-default   avia-builder-el-4  el_after_av_textblock  el_before_av_social_share '><span class='hr-inner ' ><span class='hr-inner-style'><\/span><\/span><\/div>\n<div  class='av-social-sharing-box  avia-builder-el-5  el_after_av_hr  avia-builder-el-last  '><div class='av-share-box'><h5 class='av-share-link-description av-no-toc '>Teile diesen Eintrag<\/h5><ul class='av-share-box-list noLightbox'><li class='av-share-link av-social-link-facebook' ><a target=\"_blank\" aria-label=\"Partager sur Facebook\" href='https:\/\/www.facebook.com\/sharer.php?u=https:\/\/www.swiss-retail.ch\/fr\/news-fr\/pour-faire-face-au-coronavirus-swiss-retail-federation-reclame-des-mesures-coordonnees-a-lechelle-suisse-elle-annonce-aussi-une-nouvelle-vague-de-chomage-partiel-dans-le-secteur-non-food\/&#038;t=Pour%20faire%20face%20au%20coronavirus%2C%20Swiss%20Retail%20Federation%20r%C3%A9clame%20des%20mesures%20coordonn%C3%A9es%20%C3%A0%20l%E2%80%99%C3%A9chelle%20suisse.%20Elle%20annonce%20aussi%20une%20nouvelle%20vague%20de%20ch%C3%B4mage%20partiel%20dans%20le%20secteur%20non-food.' aria-hidden='false' data-av_icon='\ue8f3' data-av_iconfont='entypo-fontello' title='' data-avia-related-tooltip='Partager sur Facebook' rel=\"noopener\"><span class='avia_hidden_link_text'>Partager sur Facebook<\/span><\/a><\/li><li class='av-share-link av-social-link-twitter' ><a target=\"_blank\" aria-label=\"Partager sur Twitter\" href='https:\/\/twitter.com\/share?text=Pour%20faire%20face%20au%20coronavirus%2C%20Swiss%20Retail%20Federation%20r%C3%A9clame%20des%20mesures%20coordonn%C3%A9es%20%C3%A0%20l%E2%80%99%C3%A9chelle%20suisse.%20Elle%20annonce%20aussi%20une%20nouvelle%20vague%20de%20ch%C3%B4mage%20partiel%20dans%20le%20secteur%20non-food.&#038;url=https:\/\/www.swiss-retail.ch\/fr\/?p=8259' aria-hidden='false' data-av_icon='\ue8f1' data-av_iconfont='entypo-fontello' title='' data-avia-related-tooltip='Partager sur Twitter' rel=\"noopener\"><span class='avia_hidden_link_text'>Partager sur Twitter<\/span><\/a><\/li><li class='av-share-link av-social-link-whatsapp' ><a target=\"_blank\" aria-label=\"Share on WhatsApp\" href='https:\/\/api.whatsapp.com\/send?text=https:\/\/www.swiss-retail.ch\/fr\/news-fr\/pour-faire-face-au-coronavirus-swiss-retail-federation-reclame-des-mesures-coordonnees-a-lechelle-suisse-elle-annonce-aussi-une-nouvelle-vague-de-chomage-partiel-dans-le-secteur-non-food\/' aria-hidden='false' data-av_icon='\uf232' data-av_iconfont='entypo-fontello' title='' data-avia-related-tooltip='Share on WhatsApp' rel=\"noopener\"><span class='avia_hidden_link_text'>Share on WhatsApp<\/span><\/a><\/li><li class='av-share-link av-social-link-linkedin' ><a target=\"_blank\" aria-label=\"Partager sur LinkedIn\" href='https:\/\/linkedin.com\/shareArticle?mini=true&#038;title=Pour%20faire%20face%20au%20coronavirus%2C%20Swiss%20Retail%20Federation%20r%C3%A9clame%20des%20mesures%20coordonn%C3%A9es%20%C3%A0%20l%E2%80%99%C3%A9chelle%20suisse.%20Elle%20annonce%20aussi%20une%20nouvelle%20vague%20de%20ch%C3%B4mage%20partiel%20dans%20le%20secteur%20non-food.&#038;url=https:\/\/www.swiss-retail.ch\/fr\/news-fr\/pour-faire-face-au-coronavirus-swiss-retail-federation-reclame-des-mesures-coordonnees-a-lechelle-suisse-elle-annonce-aussi-une-nouvelle-vague-de-chomage-partiel-dans-le-secteur-non-food\/' aria-hidden='false' data-av_icon='\ue8fc' data-av_iconfont='entypo-fontello' title='' data-avia-related-tooltip='Partager sur LinkedIn' rel=\"noopener\"><span class='avia_hidden_link_text'>Partager sur LinkedIn<\/span><\/a><\/li><li class='av-share-link av-social-link-mail' ><a  aria-label=\"Partager par Mail\" href='mailto:?subject=Pour%20faire%20face%20au%20coronavirus%2C%20Swiss%20Retail%20Federation%20r%C3%A9clame%20des%20mesures%20coordonn%C3%A9es%20%C3%A0%20l%E2%80%99%C3%A9chelle%20suisse.%20Elle%20annonce%20aussi%20une%20nouvelle%20vague%20de%20ch%C3%B4mage%20partiel%20dans%20le%20secteur%20non-food.&#038;body=https:\/\/www.swiss-retail.ch\/fr\/news-fr\/pour-faire-face-au-coronavirus-swiss-retail-federation-reclame-des-mesures-coordonnees-a-lechelle-suisse-elle-annonce-aussi-une-nouvelle-vague-de-chomage-partiel-dans-le-secteur-non-food\/' aria-hidden='false' data-av_icon='\ue805' data-av_iconfont='entypo-fontello' title='' data-avia-related-tooltip='Partager par Mail'><span class='avia_hidden_link_text'>Partager par Mail<\/span><\/a><\/li><\/ul><\/div><\/div>\n","protected":false},"excerpt":{"rendered":"","protected":false},"author":19,"featured_media":8246,"comment_status":"closed","ping_status":"closed","sticky":false,"template":"","format":"standard","meta":[],"categories":[69,64],"tags":[],"yoast_head":"<!-- This site is optimized with the Yoast SEO plugin v18.5.1 - https:\/\/yoast.com\/wordpress\/plugins\/seo\/ -->\n<title>Pour faire face au coronavirus, Swiss Retail Federation r\u00e9clame des mesures coordonn\u00e9es \u00e0 l\u2019\u00e9chelle suisse. Elle annonce aussi une nouvelle vague de ch\u00f4mage partiel dans le secteur non-food. -<\/title>\n<meta name=\"robots\" content=\"index, follow, max-snippet:-1, max-image-preview:large, max-video-preview:-1\" \/>\n<link rel=\"canonical\" href=\"https:\/\/www.swiss-retail.ch\/fr\/news-fr\/pour-faire-face-au-coronavirus-swiss-retail-federation-reclame-des-mesures-coordonnees-a-lechelle-suisse-elle-annonce-aussi-une-nouvelle-vague-de-chomage-partiel-dans-le-secteur-non-food\/\" \/>\n<meta property=\"og:locale\" content=\"fr_FR\" \/>\n<meta property=\"og:type\" content=\"article\" \/>\n<meta property=\"og:title\" content=\"Pour faire face au coronavirus, Swiss Retail Federation r\u00e9clame des mesures coordonn\u00e9es \u00e0 l\u2019\u00e9chelle suisse. Elle annonce aussi une nouvelle vague de ch\u00f4mage partiel dans le secteur non-food. -\" \/>\n<meta property=\"og:url\" content=\"https:\/\/www.swiss-retail.ch\/fr\/news-fr\/pour-faire-face-au-coronavirus-swiss-retail-federation-reclame-des-mesures-coordonnees-a-lechelle-suisse-elle-annonce-aussi-une-nouvelle-vague-de-chomage-partiel-dans-le-secteur-non-food\/\" \/>\n<meta property=\"article:published_time\" content=\"2020-03-16T15:21:24+00:00\" \/>\n<meta property=\"article:modified_time\" content=\"2020-03-16T15:22:03+00:00\" \/>\n<meta property=\"og:image\" content=\"https:\/\/www.swiss-retail.ch\/wp-content\/uploads\/2020\/03\/shutterstock_350102345-1030x684.jpg\" \/>\n\t<meta property=\"og:image:width\" content=\"1030\" \/>\n\t<meta property=\"og:image:height\" content=\"684\" \/>\n\t<meta property=\"og:image:type\" content=\"image\/jpeg\" \/>\n<meta name=\"twitter:card\" content=\"summary_large_image\" \/>\n<meta name=\"twitter:label1\" content=\"\u00c9crit par\" \/>\n\t<meta name=\"twitter:data1\" content=\"Administrator\" \/>\n\t<meta name=\"twitter:label2\" content=\"Dur\u00e9e de lecture estim\u00e9e\" \/>\n\t<meta name=\"twitter:data2\" content=\"5 minutes\" \/>\n<script type=\"application\/ld+json\" class=\"yoast-schema-graph\">{\"@context\":\"https:\/\/schema.org\",\"@graph\":[{\"@type\":\"WebSite\",\"@id\":\"https:\/\/www.swiss-retail.ch\/#website\",\"url\":\"https:\/\/www.swiss-retail.ch\/\",\"name\":\"\",\"description\":\"Verband der Mittel- und Grossbetriebe des schweizerischen Detailhandels\",\"potentialAction\":[{\"@type\":\"SearchAction\",\"target\":{\"@type\":\"EntryPoint\",\"urlTemplate\":\"https:\/\/www.swiss-retail.ch\/?s={search_term_string}\"},\"query-input\":\"required name=search_term_string\"}],\"inLanguage\":\"fr-FR\"},{\"@type\":\"ImageObject\",\"@id\":\"https:\/\/www.swiss-retail.ch\/fr\/news-fr\/pour-faire-face-au-coronavirus-swiss-retail-federation-reclame-des-mesures-coordonnees-a-lechelle-suisse-elle-annonce-aussi-une-nouvelle-vague-de-chomage-partiel-dans-le-secteur-non-food\/#primaryimage\",\"inLanguage\":\"fr-FR\",\"url\":\"https:\/\/www.swiss-retail.ch\/wp-content\/uploads\/2020\/03\/shutterstock_350102345-scaled.jpg\",\"contentUrl\":\"https:\/\/www.swiss-retail.ch\/wp-content\/uploads\/2020\/03\/shutterstock_350102345-scaled.jpg\",\"width\":2560,\"height\":1700},{\"@type\":\"WebPage\",\"@id\":\"https:\/\/www.swiss-retail.ch\/fr\/news-fr\/pour-faire-face-au-coronavirus-swiss-retail-federation-reclame-des-mesures-coordonnees-a-lechelle-suisse-elle-annonce-aussi-une-nouvelle-vague-de-chomage-partiel-dans-le-secteur-non-food\/#webpage\",\"url\":\"https:\/\/www.swiss-retail.ch\/fr\/news-fr\/pour-faire-face-au-coronavirus-swiss-retail-federation-reclame-des-mesures-coordonnees-a-lechelle-suisse-elle-annonce-aussi-une-nouvelle-vague-de-chomage-partiel-dans-le-secteur-non-food\/\",\"name\":\"Pour faire face au coronavirus, Swiss Retail Federation r\u00e9clame des mesures coordonn\u00e9es \u00e0 l\u2019\u00e9chelle suisse. Elle annonce aussi une nouvelle vague de ch\u00f4mage partiel dans le secteur non-food. -\",\"isPartOf\":{\"@id\":\"https:\/\/www.swiss-retail.ch\/#website\"},\"primaryImageOfPage\":{\"@id\":\"https:\/\/www.swiss-retail.ch\/fr\/news-fr\/pour-faire-face-au-coronavirus-swiss-retail-federation-reclame-des-mesures-coordonnees-a-lechelle-suisse-elle-annonce-aussi-une-nouvelle-vague-de-chomage-partiel-dans-le-secteur-non-food\/#primaryimage\"},\"datePublished\":\"2020-03-16T15:21:24+00:00\",\"dateModified\":\"2020-03-16T15:22:03+00:00\",\"author\":{\"@id\":\"https:\/\/www.swiss-retail.ch\/#\/schema\/person\/29989425494ba3fa666290a573afb7a1\"},\"breadcrumb\":{\"@id\":\"https:\/\/www.swiss-retail.ch\/fr\/news-fr\/pour-faire-face-au-coronavirus-swiss-retail-federation-reclame-des-mesures-coordonnees-a-lechelle-suisse-elle-annonce-aussi-une-nouvelle-vague-de-chomage-partiel-dans-le-secteur-non-food\/#breadcrumb\"},\"inLanguage\":\"fr-FR\",\"potentialAction\":[{\"@type\":\"ReadAction\",\"target\":[\"https:\/\/www.swiss-retail.ch\/fr\/news-fr\/pour-faire-face-au-coronavirus-swiss-retail-federation-reclame-des-mesures-coordonnees-a-lechelle-suisse-elle-annonce-aussi-une-nouvelle-vague-de-chomage-partiel-dans-le-secteur-non-food\/\"]}]},{\"@type\":\"BreadcrumbList\",\"@id\":\"https:\/\/www.swiss-retail.ch\/fr\/news-fr\/pour-faire-face-au-coronavirus-swiss-retail-federation-reclame-des-mesures-coordonnees-a-lechelle-suisse-elle-annonce-aussi-une-nouvelle-vague-de-chomage-partiel-dans-le-secteur-non-food\/#breadcrumb\",\"itemListElement\":[{\"@type\":\"ListItem\",\"position\":1,\"name\":\"Startseite\",\"item\":\"https:\/\/www.swiss-retail.ch\/fr\/homepage\/\"},{\"@type\":\"ListItem\",\"position\":2,\"name\":\"Pour faire face au coronavirus, Swiss Retail Federation r\u00e9clame des mesures coordonn\u00e9es \u00e0 l\u2019\u00e9chelle suisse. Elle annonce aussi une nouvelle vague de ch\u00f4mage partiel dans le secteur non-food.\"}]},{\"@type\":\"Person\",\"@id\":\"https:\/\/www.swiss-retail.ch\/#\/schema\/person\/29989425494ba3fa666290a573afb7a1\",\"name\":\"Administrator\",\"url\":\"https:\/\/www.swiss-retail.ch\/fr\/author\/administrator\/\"}]}<\/script>\n<!-- \/ Yoast SEO plugin. -->","yoast_head_json":{"title":"Pour faire face au coronavirus, Swiss Retail Federation r\u00e9clame des mesures coordonn\u00e9es \u00e0 l\u2019\u00e9chelle suisse. Elle annonce aussi une nouvelle vague de ch\u00f4mage partiel dans le secteur non-food. -","robots":{"index":"index","follow":"follow","max-snippet":"max-snippet:-1","max-image-preview":"max-image-preview:large","max-video-preview":"max-video-preview:-1"},"canonical":"https:\/\/www.swiss-retail.ch\/fr\/news-fr\/pour-faire-face-au-coronavirus-swiss-retail-federation-reclame-des-mesures-coordonnees-a-lechelle-suisse-elle-annonce-aussi-une-nouvelle-vague-de-chomage-partiel-dans-le-secteur-non-food\/","og_locale":"fr_FR","og_type":"article","og_title":"Pour faire face au coronavirus, Swiss Retail Federation r\u00e9clame des mesures coordonn\u00e9es \u00e0 l\u2019\u00e9chelle suisse. Elle annonce aussi une nouvelle vague de ch\u00f4mage partiel dans le secteur non-food. -","og_url":"https:\/\/www.swiss-retail.ch\/fr\/news-fr\/pour-faire-face-au-coronavirus-swiss-retail-federation-reclame-des-mesures-coordonnees-a-lechelle-suisse-elle-annonce-aussi-une-nouvelle-vague-de-chomage-partiel-dans-le-secteur-non-food\/","article_published_time":"2020-03-16T15:21:24+00:00","article_modified_time":"2020-03-16T15:22:03+00:00","og_image":[{"width":1030,"height":684,"url":"https:\/\/www.swiss-retail.ch\/wp-content\/uploads\/2020\/03\/shutterstock_350102345-1030x684.jpg","type":"image\/jpeg"}],"twitter_card":"summary_large_image","twitter_misc":{"\u00c9crit par":"Administrator","Dur\u00e9e de lecture estim\u00e9e":"5 minutes"},"schema":{"@context":"https:\/\/schema.org","@graph":[{"@type":"WebSite","@id":"https:\/\/www.swiss-retail.ch\/#website","url":"https:\/\/www.swiss-retail.ch\/","name":"","description":"Verband der Mittel- und Grossbetriebe des schweizerischen Detailhandels","potentialAction":[{"@type":"SearchAction","target":{"@type":"EntryPoint","urlTemplate":"https:\/\/www.swiss-retail.ch\/?s={search_term_string}"},"query-input":"required name=search_term_string"}],"inLanguage":"fr-FR"},{"@type":"ImageObject","@id":"https:\/\/www.swiss-retail.ch\/fr\/news-fr\/pour-faire-face-au-coronavirus-swiss-retail-federation-reclame-des-mesures-coordonnees-a-lechelle-suisse-elle-annonce-aussi-une-nouvelle-vague-de-chomage-partiel-dans-le-secteur-non-food\/#primaryimage","inLanguage":"fr-FR","url":"https:\/\/www.swiss-retail.ch\/wp-content\/uploads\/2020\/03\/shutterstock_350102345-scaled.jpg","contentUrl":"https:\/\/www.swiss-retail.ch\/wp-content\/uploads\/2020\/03\/shutterstock_350102345-scaled.jpg","width":2560,"height":1700},{"@type":"WebPage","@id":"https:\/\/www.swiss-retail.ch\/fr\/news-fr\/pour-faire-face-au-coronavirus-swiss-retail-federation-reclame-des-mesures-coordonnees-a-lechelle-suisse-elle-annonce-aussi-une-nouvelle-vague-de-chomage-partiel-dans-le-secteur-non-food\/#webpage","url":"https:\/\/www.swiss-retail.ch\/fr\/news-fr\/pour-faire-face-au-coronavirus-swiss-retail-federation-reclame-des-mesures-coordonnees-a-lechelle-suisse-elle-annonce-aussi-une-nouvelle-vague-de-chomage-partiel-dans-le-secteur-non-food\/","name":"Pour faire face au coronavirus, Swiss Retail Federation r\u00e9clame des mesures coordonn\u00e9es \u00e0 l\u2019\u00e9chelle suisse. Elle annonce aussi une nouvelle vague de ch\u00f4mage partiel dans le secteur non-food. -","isPartOf":{"@id":"https:\/\/www.swiss-retail.ch\/#website"},"primaryImageOfPage":{"@id":"https:\/\/www.swiss-retail.ch\/fr\/news-fr\/pour-faire-face-au-coronavirus-swiss-retail-federation-reclame-des-mesures-coordonnees-a-lechelle-suisse-elle-annonce-aussi-une-nouvelle-vague-de-chomage-partiel-dans-le-secteur-non-food\/#primaryimage"},"datePublished":"2020-03-16T15:21:24+00:00","dateModified":"2020-03-16T15:22:03+00:00","author":{"@id":"https:\/\/www.swiss-retail.ch\/#\/schema\/person\/29989425494ba3fa666290a573afb7a1"},"breadcrumb":{"@id":"https:\/\/www.swiss-retail.ch\/fr\/news-fr\/pour-faire-face-au-coronavirus-swiss-retail-federation-reclame-des-mesures-coordonnees-a-lechelle-suisse-elle-annonce-aussi-une-nouvelle-vague-de-chomage-partiel-dans-le-secteur-non-food\/#breadcrumb"},"inLanguage":"fr-FR","potentialAction":[{"@type":"ReadAction","target":["https:\/\/www.swiss-retail.ch\/fr\/news-fr\/pour-faire-face-au-coronavirus-swiss-retail-federation-reclame-des-mesures-coordonnees-a-lechelle-suisse-elle-annonce-aussi-une-nouvelle-vague-de-chomage-partiel-dans-le-secteur-non-food\/"]}]},{"@type":"BreadcrumbList","@id":"https:\/\/www.swiss-retail.ch\/fr\/news-fr\/pour-faire-face-au-coronavirus-swiss-retail-federation-reclame-des-mesures-coordonnees-a-lechelle-suisse-elle-annonce-aussi-une-nouvelle-vague-de-chomage-partiel-dans-le-secteur-non-food\/#breadcrumb","itemListElement":[{"@type":"ListItem","position":1,"name":"Startseite","item":"https:\/\/www.swiss-retail.ch\/fr\/homepage\/"},{"@type":"ListItem","position":2,"name":"Pour faire face au coronavirus, Swiss Retail Federation r\u00e9clame des mesures coordonn\u00e9es \u00e0 l\u2019\u00e9chelle suisse. Elle annonce aussi une nouvelle vague de ch\u00f4mage partiel dans le secteur non-food."}]},{"@type":"Person","@id":"https:\/\/www.swiss-retail.ch\/#\/schema\/person\/29989425494ba3fa666290a573afb7a1","name":"Administrator","url":"https:\/\/www.swiss-retail.ch\/fr\/author\/administrator\/"}]}},"_links":{"self":[{"href":"https:\/\/www.swiss-retail.ch\/fr\/wp-json\/wp\/v2\/posts\/8259"}],"collection":[{"href":"https:\/\/www.swiss-retail.ch\/fr\/wp-json\/wp\/v2\/posts"}],"about":[{"href":"https:\/\/www.swiss-retail.ch\/fr\/wp-json\/wp\/v2\/types\/post"}],"author":[{"embeddable":true,"href":"https:\/\/www.swiss-retail.ch\/fr\/wp-json\/wp\/v2\/users\/19"}],"replies":[{"embeddable":true,"href":"https:\/\/www.swiss-retail.ch\/fr\/wp-json\/wp\/v2\/comments?post=8259"}],"version-history":[{"count":2,"href":"https:\/\/www.swiss-retail.ch\/fr\/wp-json\/wp\/v2\/posts\/8259\/revisions"}],"predecessor-version":[{"id":8261,"href":"https:\/\/www.swiss-retail.ch\/fr\/wp-json\/wp\/v2\/posts\/8259\/revisions\/8261"}],"wp:featuredmedia":[{"embeddable":true,"href":"https:\/\/www.swiss-retail.ch\/fr\/wp-json\/wp\/v2\/media\/8246"}],"wp:attachment":[{"href":"https:\/\/www.swiss-retail.ch\/fr\/wp-json\/wp\/v2\/media?parent=8259"}],"wp:term":[{"taxonomy":"category","embeddable":true,"href":"https:\/\/www.swiss-retail.ch\/fr\/wp-json\/wp\/v2\/categories?post=8259"},{"taxonomy":"post_tag","embeddable":true,"href":"https:\/\/www.swiss-retail.ch\/fr\/wp-json\/wp\/v2\/tags?post=8259"}],"curies":[{"name":"wp","href":"https:\/\/api.w.org\/{rel}","templated":true}]}}